{"id":2949,"date":"2014-11-19T11:55:32","date_gmt":"2014-11-19T11:55:32","guid":{"rendered":"http:\/\/blogs.hoy.es\/senderosextremadura\/?p=2949"},"modified":"2014-11-19T11:55:32","modified_gmt":"2014-11-19T11:55:32","slug":"rutas-para-contemplar-la-llegada-de-las-grullas-a-extremadura","status":"publish","type":"post","link":"https:\/\/blogs.hoy.es\/senderosextremadura\/2014\/11\/19\/rutas-para-contemplar-la-llegada-de-las-grullas-a-extremadura\/","title":{"rendered":"Rutas para contemplar la llegada de las grullas a Extremadura"},"content":{"rendered":"<p><a href=\"https:\/\/blogs.hoy.es\/senderosextremadura\/\"><img loading=\"lazy\" class=\"aligncenter size-large wp-image-2950\" title=\"\" src=\"\/senderosextremadura\/wp-content\/uploads\/sites\/22\/2014\/11\/aves-ruta.jpg\" alt=\"\" width=\"600\" height=\"337\" srcset=\"https:\/\/static-blogs.hoy.es\/wp-content\/uploads\/sites\/22\/2014\/11\/aves-ruta.jpg 660w, https:\/\/static-blogs.hoy.es\/wp-content\/uploads\/sites\/22\/2014\/11\/aves-ruta-300x169.jpg 300w, https:\/\/static-blogs.hoy.es\/wp-content\/uploads\/sites\/22\/2014\/11\/aves-ruta-600x337.jpg 600w\" sizes=\"(max-width: 600px) 100vw, 600px\" \/><\/a><br \/>\nM\u00e1s de 120.000 grullas comunes pasan el invierno en Extremadura procedentes del norte de Europa, de las cuales el 40 %, unas 48.000, lo hacen en el<strong> pantano de Borboll\u00f3n<\/strong> cercano a la localidad cacere\u00f1a de <strong> Moraleja<\/strong>, donde se han organizado diferentes rutas guiadas para observar estas aves. Estas marchas tendr\u00e1n lugar los d\u00edas 20, 21 y 22 de noviembre y se enmarcan en las actividades programadas con motivo de las III Jornadas de Turismo Ornitol\u00f3gico &#8220;Moraleja Vuela&#8230;&#8221;. El embalse, que pertenece a <strong>Santib\u00e1\u00f1ez el Alto<\/strong>, est\u00e1 ubicado en una Zona Especial de Protecci\u00f3n de Aves (ZEPA) y\u00a0 es &#8220;todo un espect\u00e1culo&#8221; observar a las grullas ir a por alimentos desde su lugar de descanso.<\/p>\n<p>En la provincia de Badajoz, el Parque Periurbano\u00a0 &#8216;Dehesa de Moheda Alta&#8217;, ubicado en <strong>Navalvillar de Pela<\/strong>,\u00a0 ser\u00e1 escenario el s\u00e1bado 29 de noviembre el <strong>VI Festival de las Grullas<\/strong>, al que asistir\u00e1n aficionados a la ornitolog\u00eda. Este festival tambi\u00e9n pone de relieve el vuelo que realizan estas aves\u00a0 desde el norte de Europa, realizando un recorrido de 4.000 kil\u00f3metros, hasta llegar a Extremadura para invernar.<\/p>\n<p>El VI Festival de las Grullas marca el inicio de la campa\u00f1a de avistamiento de estas aves como recurso tur\u00edstico. Cultura, tradici\u00f3n, naturaleza, medio ambiente y turismo van de la mano en el elenco de las actividades programadas para todas las edades y tipo de p\u00fablico durante el certamen.<\/p>\n<p>Se trata de un encuentro promovido desde el Gobierno de Extremadura con el objetivo de &#8220;promocionar y divulgar la excepcionalidad de los recursos naturales de la regi\u00f3n&#8221;, explica el Ejecutivo regional en nota de prensa.<\/p>\n<p><strong>PROGRAMA DE ACTIVIDADES E INSCRIPCIONES<\/strong><\/p>\n<p>El festival comienza con un &#8220;desayuno con grullas&#8221; a las 07,30 horas, con una visita al dormidero de las aves, para verlas cuando levantan el vuelo y marchan en busca de alimento.<\/p>\n<p>A partir de las 10,30 horas, y durante toda la jornada, se realizar\u00e1n distintos tipos de rutas, como ornitol\u00f3gicas en bus, senderistas y en bicicleta, y adem\u00e1s se realizar\u00e1n talleres infantiles, muestra de productos locales, degustaci\u00f3n de migas extreme\u00f1as, vuelo en globo cautivo, paseos teatralizados y espect\u00e1culos de danza y animaci\u00f3n, entre otros.<\/p>\n<p>Asimismo, se fletar\u00e1n autobuses gratuitos para asistir al festival desde Badajoz, M\u00e9rida, C\u00e1ceres, Trujillo, Don Benito y Villanueva.<\/p>\n<p>Todos los interesados en disfrutar de estas actividades y obtener m\u00e1s informaci\u00f3n acerca del programa y el festival pueden llamar al tel\u00e9fono 924.332.473 o bien a trav\u00e9s de la web www.festivaldelasgrullas.com.<\/p>\n<p>M\u00c1S INFORMACI\u00d3N:<a href=\"http:\/\/www.hoy.es\/planes\/201410\/29\/parajes-extremenos-para-avistar-20141029131539.html\" rel=\"external nofollow\"><strong> Gu\u00eda para ver las 340 aves que sobrevuelan o habitan Extremadura.<\/strong> <\/a><\/p>\n<!-- AddThis Advanced Settings generic via filter on the_content --><!-- AddThis Share Buttons generic via filter on the_content -->","protected":false},"excerpt":{"rendered":"<p>M\u00e1s de 120.000 grullas comunes pasan el invierno en Extremadura procedentes del norte de Europa, de las cuales el 40 %, unas 48.000, lo hacen en el pantano de Borboll\u00f3n cercano a la localidad cacere\u00f1a de Moraleja, donde se han organizado diferentes rutas guiadas para observar estas aves. Estas marchas tendr\u00e1n lugar los d\u00edas 20, [&hellip;]<!-- AddThis Advanced Settings generic via filter on get_the_excerpt --><!-- AddThis Share Buttons generic via filter on get_the_excerpt --><\/p>\n","protected":false},"author":27,"featured_media":0,"comment_status":"open","ping_status":"closed","sticky":false,"template":"","format":"standard","meta":[],"categories":[4],"tags":[81,279,561],"_links":{"self":[{"href":"https:\/\/blogs.hoy.es\/senderosextremadura\/wp-json\/wp\/v2\/posts\/2949"}],"collection":[{"href":"https:\/\/blogs.hoy.es\/senderosextremadura\/wp-json\/wp\/v2\/posts"}],"about":[{"href":"https:\/\/blogs.hoy.es\/senderosextremadura\/wp-json\/wp\/v2\/types\/post"}],"author":[{"embeddable":true,"href":"https:\/\/blogs.hoy.es\/senderosextremadura\/wp-json\/wp\/v2\/users\/27"}],"replies":[{"embeddable":true,"href":"https:\/\/blogs.hoy.es\/senderosextremadura\/wp-json\/wp\/v2\/comments?post=2949"}],"version-history":[{"count":0,"href":"https:\/\/blogs.hoy.es\/senderosextremadura\/wp-json\/wp\/v2\/posts\/2949\/revisions"}],"wp:attachment":[{"href":"https:\/\/blogs.hoy.es\/senderosextremadura\/wp-json\/wp\/v2\/media?parent=2949"}],"wp:term":[{"taxonomy":"category","embeddable":true,"href":"https:\/\/blogs.hoy.es\/senderosextremadura\/wp-json\/wp\/v2\/categories?post=2949"},{"taxonomy":"post_tag","embeddable":true,"href":"https:\/\/blogs.hoy.es\/senderosextremadura\/wp-json\/wp\/v2\/tags?post=2949"}],"curies":[{"name":"wp","href":"https:\/\/api.w.org\/{rel}","templated":true}]}}