{"id":2954,"date":"2014-11-20T10:09:14","date_gmt":"2014-11-20T10:09:14","guid":{"rendered":"http:\/\/blogs.hoy.es\/senderosextremadura\/?p=2954"},"modified":"2014-11-20T10:09:14","modified_gmt":"2014-11-20T10:09:14","slug":"ruta-senderista-con-los-perros-del-refugio-san-jorge-de-caceres-23-de-febrero","status":"publish","type":"post","link":"https:\/\/blogs.hoy.es\/senderosextremadura\/2014\/11\/20\/ruta-senderista-con-los-perros-del-refugio-san-jorge-de-caceres-23-de-febrero\/","title":{"rendered":"Ruta senderista con los perros del Refugio San Jorge de C\u00e1ceres (23 de febrero)"},"content":{"rendered":"<p><a href=\"https:\/\/blogs.hoy.es\/senderosextremadura\/\"><img loading=\"lazy\" class=\"aligncenter size-large wp-image-2957\" title=\"\" src=\"\/senderosextremadura\/wp-content\/uploads\/sites\/22\/2014\/11\/ruta-perros1.jpg\" alt=\"\" width=\"600\" height=\"369\" srcset=\"https:\/\/static-blogs.hoy.es\/wp-content\/uploads\/sites\/22\/2014\/11\/ruta-perros1.jpg 1463w, https:\/\/static-blogs.hoy.es\/wp-content\/uploads\/sites\/22\/2014\/11\/ruta-perros1-300x185.jpg 300w, https:\/\/static-blogs.hoy.es\/wp-content\/uploads\/sites\/22\/2014\/11\/ruta-perros1-768x472.jpg 768w, https:\/\/static-blogs.hoy.es\/wp-content\/uploads\/sites\/22\/2014\/11\/ruta-perros1-600x369.jpg 600w\" sizes=\"(max-width: 600px) 100vw, 600px\" \/><\/a><\/p>\n<p>Muchos extreme\u00f1os disfrutan tanto o m\u00e1s que sus perros cuando les ven correr libres por el campo. Sin embargo, no todos los canes tienen la suerte de contar con esos momentos de esparcimiento, tan necesarios para su bienestar. Hablamos de esos animales sin due\u00f1o que sobreviven acogidos en perreras.\u00a0 Para darles esta oportunidad este pr\u00f3ximo domingo, d\u00eda 23,\u00a0 se celebra en C\u00e1ceres la<strong> I Ruta Senderista Canina<\/strong>, organizada por el <strong>Refugio San Jorge<\/strong>. Ser\u00e1 una marcha hasta el <strong>Valle de Sierra de Fuentes<\/strong> en la que los protagonistas ser\u00e1n los propios canes que viven\u00a0 en el refugio. Todo aquel que quiera participar deber\u00e1 inscribirse mediante mensaje privado en el perfil de <a href=\"https:\/\/www.facebook.com\/refugiosanjorge.caceres?fref=ts\" target=\"_blank\" rel=\"external nofollow\"><strong>Facebook del refugio<\/strong><\/a>, especificando el perro con el que quiere hacer la ruta, en caso de no tener preferencia, se le asignar\u00e1 uno el mismo d\u00eda.<\/p>\n<p><!--more--><\/p>\n<p>La salida se realizar\u00e1 a las 11.00 de la ma\u00f1ana del d\u00eda 23, desde la c\u00e1rcel nueva. A todos los que asistan se les invitar\u00e1 a un aperitivo en el Valle. Es necesario llevar una peque\u00f1a mochila con agua y alg\u00fan tentempi\u00e9, adem\u00e1s de ropa de abrigo. La ruta consta de 10 kms (ida y vueta), sin ninguna dificultad y con paradas para descansar y beber.<\/p>\n<!-- AddThis Advanced Settings generic via filter on the_content --><!-- AddThis Share Buttons generic via filter on the_content -->","protected":false},"excerpt":{"rendered":"<p>Muchos extreme\u00f1os disfrutan tanto o m\u00e1s que sus perros cuando les ven correr libres por el campo. Sin embargo, no todos los canes tienen la suerte de contar con esos momentos de esparcimiento, tan necesarios para su bienestar. Hablamos de esos animales sin due\u00f1o que sobreviven acogidos en perreras.\u00a0 Para darles esta oportunidad este pr\u00f3ximo [&hellip;]<!-- AddThis Advanced Settings generic via filter on get_the_excerpt --><!-- AddThis Share Buttons generic via filter on get_the_excerpt --><\/p>\n","protected":false},"author":27,"featured_media":0,"comment_status":"open","ping_status":"closed","sticky":false,"template":"","format":"standard","meta":[],"categories":[4],"tags":[],"_links":{"self":[{"href":"https:\/\/blogs.hoy.es\/senderosextremadura\/wp-json\/wp\/v2\/posts\/2954"}],"collection":[{"href":"https:\/\/blogs.hoy.es\/senderosextremadura\/wp-json\/wp\/v2\/posts"}],"about":[{"href":"https:\/\/blogs.hoy.es\/senderosextremadura\/wp-json\/wp\/v2\/types\/post"}],"author":[{"embeddable":true,"href":"https:\/\/blogs.hoy.es\/senderosextremadura\/wp-json\/wp\/v2\/users\/27"}],"replies":[{"embeddable":true,"href":"https:\/\/blogs.hoy.es\/senderosextremadura\/wp-json\/wp\/v2\/comments?post=2954"}],"version-history":[{"count":0,"href":"https:\/\/blogs.hoy.es\/senderosextremadura\/wp-json\/wp\/v2\/posts\/2954\/revisions"}],"wp:attachment":[{"href":"https:\/\/blogs.hoy.es\/senderosextremadura\/wp-json\/wp\/v2\/media?parent=2954"}],"wp:term":[{"taxonomy":"category","embeddable":true,"href":"https:\/\/blogs.hoy.es\/senderosextremadura\/wp-json\/wp\/v2\/categories?post=2954"},{"taxonomy":"post_tag","embeddable":true,"href":"https:\/\/blogs.hoy.es\/senderosextremadura\/wp-json\/wp\/v2\/tags?post=2954"}],"curies":[{"name":"wp","href":"https:\/\/api.w.org\/{rel}","templated":true}]}}