{"id":2961,"date":"2014-11-24T20:52:39","date_gmt":"2014-11-24T20:52:39","guid":{"rendered":"http:\/\/blogs.hoy.es\/senderosextremadura\/?p=2961"},"modified":"2014-11-24T20:52:39","modified_gmt":"2014-11-24T20:52:39","slug":"1-200-senderistas-se-dejan-enamorar-por-el-otono-del-ambroz","status":"publish","type":"post","link":"https:\/\/blogs.hoy.es\/senderosextremadura\/2014\/11\/24\/1-200-senderistas-se-dejan-enamorar-por-el-otono-del-ambroz\/","title":{"rendered":"1.200 senderistas se enamoran del oto\u00f1o del Ambroz"},"content":{"rendered":"<div id=\"attachment_2963\" style=\"width: 610px\" class=\"wp-caption aligncenter\"><a href=\"https:\/\/blogs.hoy.es\/senderosextremadura\/\"><img aria-describedby=\"caption-attachment-2963\" loading=\"lazy\" class=\"size-large wp-image-2963\" title=\"\" src=\"\/senderosextremadura\/wp-content\/uploads\/sites\/22\/2014\/11\/camino-ambroz.jpg\" alt=\"\" width=\"600\" height=\"401\" srcset=\"https:\/\/static-blogs.hoy.es\/wp-content\/uploads\/sites\/22\/2014\/11\/camino-ambroz.jpg 1344w, https:\/\/static-blogs.hoy.es\/wp-content\/uploads\/sites\/22\/2014\/11\/camino-ambroz-300x201.jpg 300w, https:\/\/static-blogs.hoy.es\/wp-content\/uploads\/sites\/22\/2014\/11\/camino-ambroz-768x514.jpg 768w, https:\/\/static-blogs.hoy.es\/wp-content\/uploads\/sites\/22\/2014\/11\/camino-ambroz-600x402.jpg 600w\" sizes=\"(max-width: 600px) 100vw, 600px\" \/><\/a><p id=\"caption-attachment-2963\" class=\"wp-caption-text\">Caminantes en uno de los caracter\u00edsticos bosques del Ambroz: C. R. DEL COSSO<\/p><\/div>\n<p><a href=\"http:\/\/www.hoy.es\/fotos\/extremadura\/201411\/24\/embrujados-encanto-otonal-ambroz-3093326502250-mm.html\" target=\"_blank\" rel=\"external nofollow\"><strong>VER LA GALER\u00cdA COMPLETA DE LA RUTA<\/strong> <\/a><\/p>\n<p>1.200 senderistas llegados al norte de C\u00e1ceres de distintos puntos de Espa\u00f1a se dejaron embrujar este domingo por el encanto oto\u00f1al del Ambroz. Esta marcha llena de espectaculares paisajes forma parte de las actividades que viene desarrollando la mancomunidad del Valle del Ambroz con motivo del <strong>Oto\u00f1o M\u00e1gico<\/strong>, un evento asentado en el calendario de ocio y naturaleza en Extremadura.<\/p>\n<p><!--more-->Lo que en principio pareci\u00f3 un d\u00eda triste con lluvia y niebla se convirti\u00f3 en toda una fiesta senderista. Los participantes pudiendo observar paisajes de singular belleza, imposibles de encontrar en cualquier otra \u00e9poca del a\u00f1o. El <strong>recorrido de unos 21 kilometros<\/strong> transcurri\u00f3 por bosques de casta\u00f1os, cerezos y robles que dan un espectacular colorido a la visi\u00f3n del caminante. La marcha termin\u00f3 en la <strong>plaza de Gargantilla<\/strong>, una peque\u00f1a localidad cacere\u00f1a en las estribaciones del macizo de Gredos. En pasadas ediciones esta marcha por los bosques del Ambroz termin\u00f3 en el municipio de Segura de Toro.<\/p>\n<p>Adem\u00e1s de la Mancomunidad, en la\u00a0 organizaci\u00f3n tambi\u00e9n colabor\u00f3 la FEXME.<\/p>\n<p>Fuente: Conrado R. del Cosso<\/p>\n<!-- AddThis Advanced Settings generic via filter on the_content --><!-- AddThis Share Buttons generic via filter on the_content -->","protected":false},"excerpt":{"rendered":"<p>VER LA GALER\u00cdA COMPLETA DE LA RUTA 1.200 senderistas llegados al norte de C\u00e1ceres de distintos puntos de Espa\u00f1a se dejaron embrujar este domingo por el encanto oto\u00f1al del Ambroz. Esta marcha llena de espectaculares paisajes forma parte de las actividades que viene desarrollando la mancomunidad del Valle del Ambroz con motivo del Oto\u00f1o M\u00e1gico, [&hellip;]<!-- AddThis Advanced Settings generic via filter on get_the_excerpt --><!-- AddThis Share Buttons generic via filter on get_the_excerpt --><\/p>\n","protected":false},"author":27,"featured_media":0,"comment_status":"open","ping_status":"closed","sticky":false,"template":"","format":"standard","meta":[],"categories":[4],"tags":[346,597,784,821,917],"_links":{"self":[{"href":"https:\/\/blogs.hoy.es\/senderosextremadura\/wp-json\/wp\/v2\/posts\/2961"}],"collection":[{"href":"https:\/\/blogs.hoy.es\/senderosextremadura\/wp-json\/wp\/v2\/posts"}],"about":[{"href":"https:\/\/blogs.hoy.es\/senderosextremadura\/wp-json\/wp\/v2\/types\/post"}],"author":[{"embeddable":true,"href":"https:\/\/blogs.hoy.es\/senderosextremadura\/wp-json\/wp\/v2\/users\/27"}],"replies":[{"embeddable":true,"href":"https:\/\/blogs.hoy.es\/senderosextremadura\/wp-json\/wp\/v2\/comments?post=2961"}],"version-history":[{"count":0,"href":"https:\/\/blogs.hoy.es\/senderosextremadura\/wp-json\/wp\/v2\/posts\/2961\/revisions"}],"wp:attachment":[{"href":"https:\/\/blogs.hoy.es\/senderosextremadura\/wp-json\/wp\/v2\/media?parent=2961"}],"wp:term":[{"taxonomy":"category","embeddable":true,"href":"https:\/\/blogs.hoy.es\/senderosextremadura\/wp-json\/wp\/v2\/categories?post=2961"},{"taxonomy":"post_tag","embeddable":true,"href":"https:\/\/blogs.hoy.es\/senderosextremadura\/wp-json\/wp\/v2\/tags?post=2961"}],"curies":[{"name":"wp","href":"https:\/\/api.w.org\/{rel}","templated":true}]}}