{"id":297,"date":"2012-03-30T19:10:16","date_gmt":"2012-03-30T19:10:16","guid":{"rendered":"http:\/\/blogs.hoy.es\/senderosextremadura\/?p=297"},"modified":"2012-03-30T19:10:16","modified_gmt":"2012-03-30T19:10:16","slug":"senderismo-por-valverde-de-la-vera-cuna-de-los-empalaos-7-de-abril","status":"publish","type":"post","link":"https:\/\/blogs.hoy.es\/senderosextremadura\/2012\/03\/30\/senderismo-por-valverde-de-la-vera-cuna-de-los-empalaos-7-de-abril\/","title":{"rendered":"Senderismo por Valverde de la Vera, cuna de los &#039;empalaos&#039; (7 de abril)"},"content":{"rendered":"<h2><a href=\"\/senderosextremadura\/wp-content\/uploads\/sites\/22\/2012\/03\/valverde-vera.jpg\"><img loading=\"lazy\" class=\"alignleft size-full wp-image-298\" title=\"valverde-vera\" src=\"\/senderosextremadura\/wp-content\/uploads\/sites\/22\/2012\/03\/valverde-vera.jpg\" alt=\"\" width=\"387\" height=\"518\" srcset=\"https:\/\/static-blogs.hoy.es\/wp-content\/uploads\/sites\/22\/2012\/03\/valverde-vera.jpg 538w, https:\/\/static-blogs.hoy.es\/wp-content\/uploads\/sites\/22\/2012\/03\/valverde-vera-224x300.jpg 224w\" sizes=\"(max-width: 387px) 100vw, 387px\" \/><\/a>El pr\u00f3ximo s\u00e1bado 7 de abril se realizar\u00e1 una marcha por <strong>Valverde de la Vera<\/strong>, el municipio cacere\u00f1o que multiplica su poblaci\u00f3n\u00a0 en\u00a0 Semana Santa por ser escenario de la procesi\u00f3n de los &#8216;<a href=\"http:\/\/www.hoy.es\/v\/20120329\/sociedad\/hombres-cruz-viernes-santo-20120329.html\" rel=\"external nofollow\"><strong>empalaos&#8217;<\/strong><\/a>. Coincidiendo con el S\u00e1bado Santo se ha programado la<strong> I Ruta Senderista &#8216;Conoce tu entorno. Los jardines&#8217;<\/strong>, que saldr\u00e1 de la Plaza de Espa\u00f1a\u00a0 a las 9.30 para finalizar a las 12.30 del mediod\u00eda, aproximadamente. Se recorrer\u00e1n unos diez kil\u00f3metros y la difucultad del trayecto es media-baja. Como siempre, se recomienda llevar calzado c\u00f3modo, mochila con agua y algo por comer.<\/h2>\n<h2>La actividad est\u00e1 organizada por la Asociaci\u00f3n Cultural y Juvenil &#8216;La Chorrera&#8217; y cuenta con la colaboraci\u00f3n del Ayuntamiento. Si te animas, la persona de contactos es \u00c1ngel Luis Casado y su m\u00f3vil es 610244459.<\/h2>\n<!-- AddThis Advanced Settings generic via filter on the_content --><!-- AddThis Share Buttons generic via filter on the_content -->","protected":false},"excerpt":{"rendered":"<p>El pr\u00f3ximo s\u00e1bado 7 de abril se realizar\u00e1 una marcha por Valverde de la Vera, el municipio cacere\u00f1o que multiplica su poblaci\u00f3n\u00a0 en\u00a0 Semana Santa por ser escenario de la procesi\u00f3n de los &#8216;empalaos&#8217;. Coincidiendo con el S\u00e1bado Santo se ha programado la I Ruta Senderista &#8216;Conoce tu entorno. Los jardines&#8217;, que saldr\u00e1 de la [&hellip;]<!-- AddThis Advanced Settings generic via filter on get_the_excerpt --><!-- AddThis Share Buttons generic via filter on get_the_excerpt --><\/p>\n","protected":false},"author":27,"featured_media":0,"comment_status":"open","ping_status":"closed","sticky":false,"template":"","format":"standard","meta":[],"categories":[4],"tags":[121,282,301,892,899,1065,1072],"_links":{"self":[{"href":"https:\/\/blogs.hoy.es\/senderosextremadura\/wp-json\/wp\/v2\/posts\/297"}],"collection":[{"href":"https:\/\/blogs.hoy.es\/senderosextremadura\/wp-json\/wp\/v2\/posts"}],"about":[{"href":"https:\/\/blogs.hoy.es\/senderosextremadura\/wp-json\/wp\/v2\/types\/post"}],"author":[{"embeddable":true,"href":"https:\/\/blogs.hoy.es\/senderosextremadura\/wp-json\/wp\/v2\/users\/27"}],"replies":[{"embeddable":true,"href":"https:\/\/blogs.hoy.es\/senderosextremadura\/wp-json\/wp\/v2\/comments?post=297"}],"version-history":[{"count":0,"href":"https:\/\/blogs.hoy.es\/senderosextremadura\/wp-json\/wp\/v2\/posts\/297\/revisions"}],"wp:attachment":[{"href":"https:\/\/blogs.hoy.es\/senderosextremadura\/wp-json\/wp\/v2\/media?parent=297"}],"wp:term":[{"taxonomy":"category","embeddable":true,"href":"https:\/\/blogs.hoy.es\/senderosextremadura\/wp-json\/wp\/v2\/categories?post=297"},{"taxonomy":"post_tag","embeddable":true,"href":"https:\/\/blogs.hoy.es\/senderosextremadura\/wp-json\/wp\/v2\/tags?post=297"}],"curies":[{"name":"wp","href":"https:\/\/api.w.org\/{rel}","templated":true}]}}