{"id":2975,"date":"2014-11-26T18:44:30","date_gmt":"2014-11-26T18:44:30","guid":{"rendered":"http:\/\/blogs.hoy.es\/senderosextremadura\/?p=2975"},"modified":"2014-11-26T18:44:30","modified_gmt":"2014-11-26T18:44:30","slug":"puente-senderista-en-zarza-de-granadilla","status":"publish","type":"post","link":"https:\/\/blogs.hoy.es\/senderosextremadura\/2014\/11\/26\/puente-senderista-en-zarza-de-granadilla\/","title":{"rendered":"Puente senderista en Zarza de Granadilla"},"content":{"rendered":"<p>Son muchos los senderistas extreme\u00f1os que aprovechar\u00e1n el pr\u00f3ximo puente\u00a0 para practicar su deporte favorito. En Zarza de Granadilla se ha organizado una marcha para el 7 de diciembre. La marcha arrancar\u00e1 a las nueve de la ma\u00f1ana desde la puerta del Ayuntamiento. Al final del recorrido, de 18 kil\u00f3metros, habr\u00e1 una parrillada para todos los participantes.<\/p>\n<p><!--more--><\/p>\n<p><a href=\"https:\/\/blogs.hoy.es\/senderosextremadura\/\"><img loading=\"lazy\" class=\"aligncenter  wp-image-2976\" title=\"\" src=\"\/senderosextremadura\/wp-content\/uploads\/sites\/22\/2014\/11\/zarza-grandadilla.jpg\" alt=\"\" width=\"501\" height=\"707\" srcset=\"https:\/\/static-blogs.hoy.es\/wp-content\/uploads\/sites\/22\/2014\/11\/zarza-grandadilla.jpg 566w, https:\/\/static-blogs.hoy.es\/wp-content\/uploads\/sites\/22\/2014\/11\/zarza-grandadilla-212x300.jpg 212w\" sizes=\"(max-width: 501px) 100vw, 501px\" \/><\/a><\/p>\n<!-- AddThis Advanced Settings generic via filter on the_content --><!-- AddThis Share Buttons generic via filter on the_content -->","protected":false},"excerpt":{"rendered":"<p>Son muchos los senderistas extreme\u00f1os que aprovechar\u00e1n el pr\u00f3ximo puente\u00a0 para practicar su deporte favorito. En Zarza de Granadilla se ha organizado una marcha para el 7 de diciembre. La marcha arrancar\u00e1 a las nueve de la ma\u00f1ana desde la puerta del Ayuntamiento. Al final del recorrido, de 18 kil\u00f3metros, habr\u00e1 una parrillada para todos [&hellip;]<!-- AddThis Advanced Settings generic via filter on get_the_excerpt --><!-- AddThis Share Buttons generic via filter on get_the_excerpt --><\/p>\n","protected":false},"author":27,"featured_media":0,"comment_status":"open","ping_status":"closed","sticky":false,"template":"","format":"standard","meta":[],"categories":[4],"tags":[],"_links":{"self":[{"href":"https:\/\/blogs.hoy.es\/senderosextremadura\/wp-json\/wp\/v2\/posts\/2975"}],"collection":[{"href":"https:\/\/blogs.hoy.es\/senderosextremadura\/wp-json\/wp\/v2\/posts"}],"about":[{"href":"https:\/\/blogs.hoy.es\/senderosextremadura\/wp-json\/wp\/v2\/types\/post"}],"author":[{"embeddable":true,"href":"https:\/\/blogs.hoy.es\/senderosextremadura\/wp-json\/wp\/v2\/users\/27"}],"replies":[{"embeddable":true,"href":"https:\/\/blogs.hoy.es\/senderosextremadura\/wp-json\/wp\/v2\/comments?post=2975"}],"version-history":[{"count":0,"href":"https:\/\/blogs.hoy.es\/senderosextremadura\/wp-json\/wp\/v2\/posts\/2975\/revisions"}],"wp:attachment":[{"href":"https:\/\/blogs.hoy.es\/senderosextremadura\/wp-json\/wp\/v2\/media?parent=2975"}],"wp:term":[{"taxonomy":"category","embeddable":true,"href":"https:\/\/blogs.hoy.es\/senderosextremadura\/wp-json\/wp\/v2\/categories?post=2975"},{"taxonomy":"post_tag","embeddable":true,"href":"https:\/\/blogs.hoy.es\/senderosextremadura\/wp-json\/wp\/v2\/tags?post=2975"}],"curies":[{"name":"wp","href":"https:\/\/api.w.org\/{rel}","templated":true}]}}