{"id":2978,"date":"2014-12-03T09:09:25","date_gmt":"2014-12-03T09:09:25","guid":{"rendered":"http:\/\/blogs.hoy.es\/senderosextremadura\/?p=2978"},"modified":"2014-12-03T09:09:25","modified_gmt":"2014-12-03T09:09:25","slug":"i-ruta-del-otono-celta-en-casas-del-castanar-6-de-diciembre","status":"publish","type":"post","link":"https:\/\/blogs.hoy.es\/senderosextremadura\/2014\/12\/03\/i-ruta-del-otono-celta-en-casas-del-castanar-6-de-diciembre\/","title":{"rendered":"I ruta del Oto\u00f1o Celta en Casas del Casta\u00f1ar (6 de diciembre)"},"content":{"rendered":"<div id=\"attachment_2980\" style=\"width: 610px\" class=\"wp-caption aligncenter\"><a href=\"https:\/\/blogs.hoy.es\/senderosextremadura\/\"><img aria-describedby=\"caption-attachment-2980\" loading=\"lazy\" class=\"size-large wp-image-2980\" title=\"\" src=\"\/senderosextremadura\/wp-content\/uploads\/sites\/22\/2014\/12\/CASAS.jpg\" alt=\"\" width=\"600\" height=\"412\" srcset=\"https:\/\/static-blogs.hoy.es\/wp-content\/uploads\/sites\/22\/2014\/12\/CASAS.jpg 1308w, https:\/\/static-blogs.hoy.es\/wp-content\/uploads\/sites\/22\/2014\/12\/CASAS-300x206.jpg 300w, https:\/\/static-blogs.hoy.es\/wp-content\/uploads\/sites\/22\/2014\/12\/CASAS-768x528.jpg 768w, https:\/\/static-blogs.hoy.es\/wp-content\/uploads\/sites\/22\/2014\/12\/CASAS-600x413.jpg 600w\" sizes=\"(max-width: 600px) 100vw, 600px\" \/><\/a><p id=\"caption-attachment-2980\" class=\"wp-caption-text\">Panor\u00e1mica de Casas de Casta\u00f1ar<\/p><\/div>\n<p>Casas del Casta\u00f1ar celebrar\u00e1 este\u00a0 s\u00e1bado, d\u00eda 6, una ruta senderista que recorrer\u00e1 el bosque de robleS y casta\u00f1oS, para &#8220;disfrutar del colorido del oto\u00f1o&#8221; y descubrir la historia de un poblado celta, situado en el paraje natural de los Riscos de Villavieja, que existi\u00f3 en la zona hace varios cientos de a\u00f1os.<\/p>\n<p>Esta actividad, denominada la &#8216;I ruta senderista Oto\u00f1o Celta&#8217;, se iniciar\u00e1 a las 08,00 horas de la Casa de Cultura del pueblo, y pretende recorrer los nueve kil\u00f3metros que separan esta localidad del de las ruinas de dicho poblado, el Castro Celta.<!--more--><\/p>\n<p>As\u00ed, el recorrido ser\u00e1 de un total de 18 kil\u00f3metros (ida y vuelta) &#8220;de dificultad media, que a buen seguro har\u00e1 disfrutar a los participantes&#8221;, seg\u00fan ha informado Soluciones Wellness en nota de prensa.<\/p>\n<p>Los senderistas, una vez terminada la ruta, &#8220;podr\u00e1n disfrutar de una calbotada, degustaci\u00f3n de cerveza y productos inspirados en las naciones celtas&#8221;. Tambi\u00e9n habr\u00e1 mercado medieval y una conferencia sobre el antiguo poblado, a cargo de un catedr\u00e1tico de Historia.<\/p>\n<p>La ruta est\u00e1 organizada por la empresa Soluciones Wellness en colaboraci\u00f3n con el Ayuntamiento de Casas del Casta\u00f1ar y el grupo de Acci\u00f3n Local Soprodevaje.<\/p>\n<p>Las inscripci\u00f3n tienen un precio de dos euros y pueden realizarse en el ayuntamiento de la localidad, o hasta 15 minutos antes de la salida el d\u00eda de la ruta en la Casa de Cultura.<\/p>\n<p>Fuente: E.P.<\/p>\n<p>&nbsp;<\/p>\n<!-- AddThis Advanced Settings generic via filter on the_content --><!-- AddThis Share Buttons generic via filter on the_content -->","protected":false},"excerpt":{"rendered":"<p>Casas del Casta\u00f1ar celebrar\u00e1 este\u00a0 s\u00e1bado, d\u00eda 6, una ruta senderista que recorrer\u00e1 el bosque de robleS y casta\u00f1oS, para &#8220;disfrutar del colorido del oto\u00f1o&#8221; y descubrir la historia de un poblado celta, situado en el paraje natural de los Riscos de Villavieja, que existi\u00f3 en la zona hace varios cientos de a\u00f1os. Esta actividad, [&hellip;]<!-- AddThis Advanced Settings generic via filter on get_the_excerpt --><!-- AddThis Share Buttons generic via filter on get_the_excerpt --><\/p>\n","protected":false},"author":27,"featured_media":0,"comment_status":"open","ping_status":"closed","sticky":false,"template":"","format":"standard","meta":[],"categories":[4],"tags":[171,644,821],"_links":{"self":[{"href":"https:\/\/blogs.hoy.es\/senderosextremadura\/wp-json\/wp\/v2\/posts\/2978"}],"collection":[{"href":"https:\/\/blogs.hoy.es\/senderosextremadura\/wp-json\/wp\/v2\/posts"}],"about":[{"href":"https:\/\/blogs.hoy.es\/senderosextremadura\/wp-json\/wp\/v2\/types\/post"}],"author":[{"embeddable":true,"href":"https:\/\/blogs.hoy.es\/senderosextremadura\/wp-json\/wp\/v2\/users\/27"}],"replies":[{"embeddable":true,"href":"https:\/\/blogs.hoy.es\/senderosextremadura\/wp-json\/wp\/v2\/comments?post=2978"}],"version-history":[{"count":0,"href":"https:\/\/blogs.hoy.es\/senderosextremadura\/wp-json\/wp\/v2\/posts\/2978\/revisions"}],"wp:attachment":[{"href":"https:\/\/blogs.hoy.es\/senderosextremadura\/wp-json\/wp\/v2\/media?parent=2978"}],"wp:term":[{"taxonomy":"category","embeddable":true,"href":"https:\/\/blogs.hoy.es\/senderosextremadura\/wp-json\/wp\/v2\/categories?post=2978"},{"taxonomy":"post_tag","embeddable":true,"href":"https:\/\/blogs.hoy.es\/senderosextremadura\/wp-json\/wp\/v2\/tags?post=2978"}],"curies":[{"name":"wp","href":"https:\/\/api.w.org\/{rel}","templated":true}]}}