{"id":2981,"date":"2014-12-03T09:37:55","date_gmt":"2014-12-03T09:37:55","guid":{"rendered":"http:\/\/blogs.hoy.es\/senderosextremadura\/?p=2981"},"modified":"2014-12-03T09:37:55","modified_gmt":"2014-12-03T09:37:55","slug":"rutas-por-las-villuercas-para-disfrutar-del-puente","status":"publish","type":"post","link":"https:\/\/blogs.hoy.es\/senderosextremadura\/2014\/12\/03\/rutas-por-las-villuercas-para-disfrutar-del-puente\/","title":{"rendered":"Rutas por las Villuercas para disfrutar del puente"},"content":{"rendered":"<div>\n<div id=\"attachment_2986\" style=\"width: 610px\" class=\"wp-caption aligncenter\"><a href=\"https:\/\/blogs.hoy.es\/senderosextremadura\/\"><img aria-describedby=\"caption-attachment-2986\" loading=\"lazy\" class=\"size-large wp-image-2986\" title=\"\" src=\"\/senderosextremadura\/wp-content\/uploads\/sites\/22\/2014\/12\/aprodervi.jpg\" alt=\"\" width=\"600\" height=\"278\" srcset=\"https:\/\/static-blogs.hoy.es\/wp-content\/uploads\/sites\/22\/2014\/12\/aprodervi.jpg 2560w, https:\/\/static-blogs.hoy.es\/wp-content\/uploads\/sites\/22\/2014\/12\/aprodervi-300x139.jpg 300w, https:\/\/static-blogs.hoy.es\/wp-content\/uploads\/sites\/22\/2014\/12\/aprodervi-768x357.jpg 768w, https:\/\/static-blogs.hoy.es\/wp-content\/uploads\/sites\/22\/2014\/12\/aprodervi-600x279.jpg 600w\" sizes=\"(max-width: 600px) 100vw, 600px\" \/><\/a><p id=\"caption-attachment-2986\" class=\"wp-caption-text\">Bosque de las Villuercas: APRODERVI<\/p><\/div>\n<p>Dentro de la\u00a0 <strong>III Semana de la Casta\u00f1a<\/strong> que se celebra en las Villuercas,\u00a0 el\u00a0 7 de diciembre tendr\u00e1n lugar dos rutas\u00a0 en esta comarca cacere\u00f1a. Se trata de las marchas &#8216;Cabeza del Moro&#8217; y\u00a0 &#8216;Collado Llano de Navalvillar de Ibor&#8217;. En la misma fecha habr\u00e1 geocaching en el entorno de la villa de Guadalupe; y el d\u00eda 8 se celebra\u00a0 la <strong>ruta a Fuenfr\u00eda<\/strong> pondr\u00e1 el cierre al ciclo del puente de la Inmaculada. El programa de rutas lo abrir\u00e1 el d\u00eda 6 la <a href=\"https:\/\/blogs.hoy.es\/senderosextremadura\/2014\/11\/26\/ruta-a-la-cueva-del-cancho-hurraco-6-de-diciembre\/\"><strong>marcha a la Cueva del Cancho Hurraco.<\/strong><\/a><\/p>\n<p>Este amplio programa, que incluye otras actividades y rutas, ha sido organizado por <a href=\"http:\/\/www.aprodervi.com.es\/\" target=\"_blank\" rel=\"external nofollow\"><strong>Aprodervi<\/strong><\/a> (Asociaci\u00f3n para la Promoci\u00f3n y el Desarrollo Rural de la Comarca de Villuercas Ibores Jara).<\/p>\n<p>&nbsp;<\/p>\n<\/div>\n<!-- AddThis Advanced Settings generic via filter on the_content --><!-- AddThis Share Buttons generic via filter on the_content -->","protected":false},"excerpt":{"rendered":"<p>Dentro de la\u00a0 III Semana de la Casta\u00f1a que se celebra en las Villuercas,\u00a0 el\u00a0 7 de diciembre tendr\u00e1n lugar dos rutas\u00a0 en esta comarca cacere\u00f1a. Se trata de las marchas &#8216;Cabeza del Moro&#8217; y\u00a0 &#8216;Collado Llano de Navalvillar de Ibor&#8217;. En la misma fecha habr\u00e1 geocaching en el entorno de la villa de Guadalupe; [&hellip;]<!-- AddThis Advanced Settings generic via filter on get_the_excerpt --><!-- AddThis Share Buttons generic via filter on get_the_excerpt --><\/p>\n","protected":false},"author":27,"featured_media":0,"comment_status":"open","ping_status":"closed","sticky":false,"template":"","format":"standard","meta":[],"categories":[4],"tags":[55,400,410,821,906,944,1099],"_links":{"self":[{"href":"https:\/\/blogs.hoy.es\/senderosextremadura\/wp-json\/wp\/v2\/posts\/2981"}],"collection":[{"href":"https:\/\/blogs.hoy.es\/senderosextremadura\/wp-json\/wp\/v2\/posts"}],"about":[{"href":"https:\/\/blogs.hoy.es\/senderosextremadura\/wp-json\/wp\/v2\/types\/post"}],"author":[{"embeddable":true,"href":"https:\/\/blogs.hoy.es\/senderosextremadura\/wp-json\/wp\/v2\/users\/27"}],"replies":[{"embeddable":true,"href":"https:\/\/blogs.hoy.es\/senderosextremadura\/wp-json\/wp\/v2\/comments?post=2981"}],"version-history":[{"count":0,"href":"https:\/\/blogs.hoy.es\/senderosextremadura\/wp-json\/wp\/v2\/posts\/2981\/revisions"}],"wp:attachment":[{"href":"https:\/\/blogs.hoy.es\/senderosextremadura\/wp-json\/wp\/v2\/media?parent=2981"}],"wp:term":[{"taxonomy":"category","embeddable":true,"href":"https:\/\/blogs.hoy.es\/senderosextremadura\/wp-json\/wp\/v2\/categories?post=2981"},{"taxonomy":"post_tag","embeddable":true,"href":"https:\/\/blogs.hoy.es\/senderosextremadura\/wp-json\/wp\/v2\/tags?post=2981"}],"curies":[{"name":"wp","href":"https:\/\/api.w.org\/{rel}","templated":true}]}}