{"id":2982,"date":"2014-12-03T09:46:30","date_gmt":"2014-12-03T09:46:30","guid":{"rendered":"http:\/\/blogs.hoy.es\/senderosextremadura\/?p=2982"},"modified":"2014-12-03T09:46:30","modified_gmt":"2014-12-03T09:46:30","slug":"subida-al-puerto-de-los-maderos-con-migas-y-garbanzada-final-7-de-diciembre","status":"publish","type":"post","link":"https:\/\/blogs.hoy.es\/senderosextremadura\/2014\/12\/03\/subida-al-puerto-de-los-maderos-con-migas-y-garbanzada-final-7-de-diciembre\/","title":{"rendered":"Subida al Puerto de los Maderos con migas y garbanzada final (7 de diciembre)"},"content":{"rendered":"<p><a href=\"https:\/\/blogs.hoy.es\/senderosextremadura\/\"><img loading=\"lazy\" class=\"aligncenter size-large wp-image-2983\" title=\"\" src=\"\/senderosextremadura\/wp-content\/uploads\/sites\/22\/2014\/12\/nogales.jpg\" alt=\"\" width=\"600\" height=\"362\" srcset=\"https:\/\/static-blogs.hoy.es\/wp-content\/uploads\/sites\/22\/2014\/12\/nogales.jpg 690w, https:\/\/static-blogs.hoy.es\/wp-content\/uploads\/sites\/22\/2014\/12\/nogales-300x181.jpg 300w, https:\/\/static-blogs.hoy.es\/wp-content\/uploads\/sites\/22\/2014\/12\/nogales-600x363.jpg 600w\" sizes=\"(max-width: 600px) 100vw, 600px\" \/><\/a><br \/>\nEl domingo 7 de diciembre la <strong><a href=\"https:\/\/www.facebook.com\/ssalvaleon?fref=photo\" target=\"_blank\" rel=\"external nofollow\">asociaci\u00f3n Senderismo El Encinar de Salvale\u00f3n<\/a><\/strong> realizar\u00e1 la ruta de &#8220;El Puerto de los Maderos&#8221;.\u00a0 Se trata de una <strong>marcha de 20 kil\u00f3metros<\/strong> donde los senderistas podr\u00e1n contemplar una de las mejores vistas del entorno. La caminata comenzar\u00e1 a las nueve de la ma\u00f1ana desde la plaza de la localidad pacense. Al final del recorrido habr\u00e1 una <strong>garbanzada y migas<\/strong> para los asistentes en el bar La Taberna. La inscripci\u00f3n y la comida son\u00a0 gratuitas.<\/p>\n<p>Si vas a asistir a la ruta<strong><a href=\"https:\/\/docs.google.com\/forms\/d\/1jSRU5J2NFFTEn-oWZSQtfRstD5gpSgSvq2Famk0UMZo\/viewform?c=0&#038;w=1\" target=\"_blank\">inscr\u00edbete directamente aqu\u00ed<\/a> <\/strong>para que la organizaci\u00f3n pueda tener una previsi\u00f3n de asistentes.<\/p>\n<!-- AddThis Advanced Settings generic via filter on the_content --><!-- AddThis Share Buttons generic via filter on the_content -->","protected":false},"excerpt":{"rendered":"<p>El domingo 7 de diciembre la asociaci\u00f3n Senderismo El Encinar de Salvale\u00f3n realizar\u00e1 la ruta de &#8220;El Puerto de los Maderos&#8221;.\u00a0 Se trata de una marcha de 20 kil\u00f3metros donde los senderistas podr\u00e1n contemplar una de las mejores vistas del entorno. La caminata comenzar\u00e1 a las nueve de la ma\u00f1ana desde la plaza de la [&hellip;]<!-- AddThis Advanced Settings generic via filter on get_the_excerpt --><!-- AddThis Share Buttons generic via filter on get_the_excerpt --><\/p>\n","protected":false},"author":27,"featured_media":0,"comment_status":"open","ping_status":"closed","sticky":false,"template":"","format":"standard","meta":[],"categories":[4],"tags":[817,836,866,917,944,1035],"_links":{"self":[{"href":"https:\/\/blogs.hoy.es\/senderosextremadura\/wp-json\/wp\/v2\/posts\/2982"}],"collection":[{"href":"https:\/\/blogs.hoy.es\/senderosextremadura\/wp-json\/wp\/v2\/posts"}],"about":[{"href":"https:\/\/blogs.hoy.es\/senderosextremadura\/wp-json\/wp\/v2\/types\/post"}],"author":[{"embeddable":true,"href":"https:\/\/blogs.hoy.es\/senderosextremadura\/wp-json\/wp\/v2\/users\/27"}],"replies":[{"embeddable":true,"href":"https:\/\/blogs.hoy.es\/senderosextremadura\/wp-json\/wp\/v2\/comments?post=2982"}],"version-history":[{"count":0,"href":"https:\/\/blogs.hoy.es\/senderosextremadura\/wp-json\/wp\/v2\/posts\/2982\/revisions"}],"wp:attachment":[{"href":"https:\/\/blogs.hoy.es\/senderosextremadura\/wp-json\/wp\/v2\/media?parent=2982"}],"wp:term":[{"taxonomy":"category","embeddable":true,"href":"https:\/\/blogs.hoy.es\/senderosextremadura\/wp-json\/wp\/v2\/categories?post=2982"},{"taxonomy":"post_tag","embeddable":true,"href":"https:\/\/blogs.hoy.es\/senderosextremadura\/wp-json\/wp\/v2\/tags?post=2982"}],"curies":[{"name":"wp","href":"https:\/\/api.w.org\/{rel}","templated":true}]}}