{"id":2987,"date":"2014-12-10T16:58:20","date_gmt":"2014-12-10T16:58:20","guid":{"rendered":"http:\/\/blogs.hoy.es\/senderosextremadura\/?p=2987"},"modified":"2014-12-10T16:58:20","modified_gmt":"2014-12-10T16:58:20","slug":"por-la-sierra-de-berzocana-antigua-orilla-del-mar","status":"publish","type":"post","link":"https:\/\/blogs.hoy.es\/senderosextremadura\/2014\/12\/10\/por-la-sierra-de-berzocana-antigua-orilla-del-mar\/","title":{"rendered":"Por la Sierra de Berzocana, antigua orilla del mar"},"content":{"rendered":"<div id=\"attachment_2992\" style=\"width: 540px\" class=\"wp-caption aligncenter\"><a href=\"https:\/\/blogs.hoy.es\/senderosextremadura\/\"><img aria-describedby=\"caption-attachment-2992\" loading=\"lazy\" class=\" wp-image-2992\" title=\"\" src=\"\/senderosextremadura\/wp-content\/uploads\/sites\/22\/2014\/12\/Relieve_Apalachense_Villuercas.jpg\" alt=\"\" width=\"530\" height=\"354\" srcset=\"https:\/\/static-blogs.hoy.es\/wp-content\/uploads\/sites\/22\/2014\/12\/Relieve_Apalachense_Villuercas.jpg 1600w, https:\/\/static-blogs.hoy.es\/wp-content\/uploads\/sites\/22\/2014\/12\/Relieve_Apalachense_Villuercas-300x201.jpg 300w, https:\/\/static-blogs.hoy.es\/wp-content\/uploads\/sites\/22\/2014\/12\/Relieve_Apalachense_Villuercas-768x514.jpg 768w, https:\/\/static-blogs.hoy.es\/wp-content\/uploads\/sites\/22\/2014\/12\/Relieve_Apalachense_Villuercas-600x402.jpg 600w\" sizes=\"(max-width: 530px) 100vw, 530px\" \/><\/a><p id=\"caption-attachment-2992\" class=\"wp-caption-text\">Relieve apalachense en las Villuercas:: V\u00cdCTOR MANUEL PIZARRO<\/p><\/div>\n<p>Si quieres disfrutar de los \u00faltimos momentos del oto\u00f1o te proponemos una caminata por el <strong>Geoparque Villuercas-Ibores-Jara<\/strong>. La &#8216;Ruta a las Orillas del Mar&#8217; se llevar\u00e1 a cabo los pr\u00f3ximos d\u00edas 13 y 14 de diciembre en<strong> la Sierra de Berzocana<\/strong>. El recorrido es una oportunidad \u00fanica para conocer que hace 500 millones de a\u00f1os los riscos de cuarcita que dan car\u00e1cter a esta comarca eran nada menos que fondos marinos. La imagen que acompa\u00f1a este post -tomada por V\u00edctor M. Pizarro, autor <a href=\"ciudad-dormida.blogspot.com.es\/\" target=\"_blank\"><strong>del blog Ciudad Dormida<\/strong><\/a>) muestra los relieves apalachenses que pueden verse en las Villuercas.<!--more--><\/p>\n<p>La diversidad geol\u00f3gica de estos paisajes nos permite contemplar f\u00f3siles, rocas primitivas y cuevas, sin olvidar las pinturas rupestres.<\/p>\n<p>&nbsp;<\/p>\n<p><a href=\"https:\/\/blogs.hoy.es\/senderosextremadura\/\"><img loading=\"lazy\" class=\"aligncenter size-full wp-image-2988\" title=\"\" src=\"\/senderosextremadura\/wp-content\/uploads\/sites\/22\/2014\/12\/orillas_n.jpg\" alt=\"\" width=\"403\" height=\"569\" srcset=\"https:\/\/static-blogs.hoy.es\/wp-content\/uploads\/sites\/22\/2014\/12\/orillas_n.jpg 403w, https:\/\/static-blogs.hoy.es\/wp-content\/uploads\/sites\/22\/2014\/12\/orillas_n-212x300.jpg 212w\" sizes=\"(max-width: 403px) 100vw, 403px\" \/><\/a><\/p>\n<!-- AddThis Advanced Settings generic via filter on the_content --><!-- AddThis Share Buttons generic via filter on the_content -->","protected":false},"excerpt":{"rendered":"<p>Si quieres disfrutar de los \u00faltimos momentos del oto\u00f1o te proponemos una caminata por el Geoparque Villuercas-Ibores-Jara. La &#8216;Ruta a las Orillas del Mar&#8217; se llevar\u00e1 a cabo los pr\u00f3ximos d\u00edas 13 y 14 de diciembre en la Sierra de Berzocana. El recorrido es una oportunidad \u00fanica para conocer que hace 500 millones de a\u00f1os [&hellip;]<!-- AddThis Advanced Settings generic via filter on get_the_excerpt --><!-- AddThis Share Buttons generic via filter on get_the_excerpt --><\/p>\n","protected":false},"author":27,"featured_media":0,"comment_status":"open","ping_status":"closed","sticky":false,"template":"","format":"standard","meta":[],"categories":[4],"tags":[101,821,858,906,917,1035],"_links":{"self":[{"href":"https:\/\/blogs.hoy.es\/senderosextremadura\/wp-json\/wp\/v2\/posts\/2987"}],"collection":[{"href":"https:\/\/blogs.hoy.es\/senderosextremadura\/wp-json\/wp\/v2\/posts"}],"about":[{"href":"https:\/\/blogs.hoy.es\/senderosextremadura\/wp-json\/wp\/v2\/types\/post"}],"author":[{"embeddable":true,"href":"https:\/\/blogs.hoy.es\/senderosextremadura\/wp-json\/wp\/v2\/users\/27"}],"replies":[{"embeddable":true,"href":"https:\/\/blogs.hoy.es\/senderosextremadura\/wp-json\/wp\/v2\/comments?post=2987"}],"version-history":[{"count":0,"href":"https:\/\/blogs.hoy.es\/senderosextremadura\/wp-json\/wp\/v2\/posts\/2987\/revisions"}],"wp:attachment":[{"href":"https:\/\/blogs.hoy.es\/senderosextremadura\/wp-json\/wp\/v2\/media?parent=2987"}],"wp:term":[{"taxonomy":"category","embeddable":true,"href":"https:\/\/blogs.hoy.es\/senderosextremadura\/wp-json\/wp\/v2\/categories?post=2987"},{"taxonomy":"post_tag","embeddable":true,"href":"https:\/\/blogs.hoy.es\/senderosextremadura\/wp-json\/wp\/v2\/tags?post=2987"}],"curies":[{"name":"wp","href":"https:\/\/api.w.org\/{rel}","templated":true}]}}