{"id":2989,"date":"2014-12-10T17:07:10","date_gmt":"2014-12-10T17:07:10","guid":{"rendered":"http:\/\/blogs.hoy.es\/senderosextremadura\/?p=2989"},"modified":"2014-12-10T17:07:10","modified_gmt":"2014-12-10T17:07:10","slug":"ruta-por-el-arroyo-de-la-celada-14-de-diciembre","status":"publish","type":"post","link":"https:\/\/blogs.hoy.es\/senderosextremadura\/2014\/12\/10\/ruta-por-el-arroyo-de-la-celada-14-de-diciembre\/","title":{"rendered":"Ruta por el Arroyo de la Celada (14 de diciembre)"},"content":{"rendered":"<p><a href=\"https:\/\/blogs.hoy.es\/senderosextremadura\/\"><img loading=\"lazy\" class=\"aligncenter  wp-image-2990\" title=\"\" src=\"\/senderosextremadura\/wp-content\/uploads\/sites\/22\/2014\/12\/celada_o.jpg\" alt=\"\" width=\"287\" height=\"399\" \/><\/a><\/p>\n<p>La <a href=\"https:\/\/www.facebook.com\/AsociacionJAMAL?fref=photo\" target=\"_blank\" rel=\"external nofollow\"><strong>Asociaci\u00f3n Jamal<\/strong><\/a> ha programado una <strong>ruta\u00a0 por el Arroyo de la Celada<\/strong>, en Siruela. A lo largo de esta marcha, el caminante se encontrar\u00e1 en un entorno de maravillosos bosques de pino pi\u00f1onero y pinaster, cruzar\u00e1 el arroyo que da nombre a la marcha para atravesar el Valle de Los Casta\u00f1os.<\/p>\n<p><!--more-->Podr\u00e1 presenciar sorprendentes formaciones geol\u00f3gicas y pedreras as\u00ed como observar ejemplares de \u00e1guila real, \u00e1guila perdicera o buitres entre otros. Un recorrido rodeado de pinos, quejigos, madro\u00f1os y matorral mediterr\u00e1neo. La ruta concluir\u00e1 con una comida a base de migas extreme\u00f1as en Casa Rural La Pajarona.<\/p>\n<p>INSCRIPCIONES:<br \/>\nasociacion.jamal@gmail.com<br \/>\nTel: 686 10 53 90 (M\u00f3nica)<br \/>\nPrecio 10 euros<\/p>\n<!-- AddThis Advanced Settings generic via filter on the_content --><!-- AddThis Share Buttons generic via filter on the_content -->","protected":false},"excerpt":{"rendered":"<p>La Asociaci\u00f3n Jamal ha programado una ruta\u00a0 por el Arroyo de la Celada, en Siruela. A lo largo de esta marcha, el caminante se encontrar\u00e1 en un entorno de maravillosos bosques de pino pi\u00f1onero y pinaster, cruzar\u00e1 el arroyo que da nombre a la marcha para atravesar el Valle de Los Casta\u00f1os.<!-- AddThis Advanced Settings generic via filter on get_the_excerpt --><!-- AddThis Share Buttons generic via filter on get_the_excerpt --><\/p>\n","protected":false},"author":27,"featured_media":0,"comment_status":"open","ping_status":"closed","sticky":false,"template":"","format":"standard","meta":[],"categories":[4],"tags":[],"_links":{"self":[{"href":"https:\/\/blogs.hoy.es\/senderosextremadura\/wp-json\/wp\/v2\/posts\/2989"}],"collection":[{"href":"https:\/\/blogs.hoy.es\/senderosextremadura\/wp-json\/wp\/v2\/posts"}],"about":[{"href":"https:\/\/blogs.hoy.es\/senderosextremadura\/wp-json\/wp\/v2\/types\/post"}],"author":[{"embeddable":true,"href":"https:\/\/blogs.hoy.es\/senderosextremadura\/wp-json\/wp\/v2\/users\/27"}],"replies":[{"embeddable":true,"href":"https:\/\/blogs.hoy.es\/senderosextremadura\/wp-json\/wp\/v2\/comments?post=2989"}],"version-history":[{"count":0,"href":"https:\/\/blogs.hoy.es\/senderosextremadura\/wp-json\/wp\/v2\/posts\/2989\/revisions"}],"wp:attachment":[{"href":"https:\/\/blogs.hoy.es\/senderosextremadura\/wp-json\/wp\/v2\/media?parent=2989"}],"wp:term":[{"taxonomy":"category","embeddable":true,"href":"https:\/\/blogs.hoy.es\/senderosextremadura\/wp-json\/wp\/v2\/categories?post=2989"},{"taxonomy":"post_tag","embeddable":true,"href":"https:\/\/blogs.hoy.es\/senderosextremadura\/wp-json\/wp\/v2\/tags?post=2989"}],"curies":[{"name":"wp","href":"https:\/\/api.w.org\/{rel}","templated":true}]}}