{"id":2994,"date":"2014-12-10T17:30:21","date_gmt":"2014-12-10T17:30:21","guid":{"rendered":"http:\/\/blogs.hoy.es\/senderosextremadura\/?p=2994"},"modified":"2014-12-10T17:30:21","modified_gmt":"2014-12-10T17:30:21","slug":"los-montaneros-de-plasencia-volveran-a-colocar-el-belen-mas-alto-de-extremadura","status":"publish","type":"post","link":"https:\/\/blogs.hoy.es\/senderosextremadura\/2014\/12\/10\/los-montaneros-de-plasencia-volveran-a-colocar-el-belen-mas-alto-de-extremadura\/","title":{"rendered":"Los monta\u00f1eros de Plasencia volver\u00e1n a colocar el bel\u00e9n m\u00e1s alto de Extremadura"},"content":{"rendered":"<p><a href=\"https:\/\/blogs.hoy.es\/senderosextremadura\/\"><img loading=\"lazy\" class=\"aligncenter  wp-image-2995\" title=\"Ascensi\u00f3n a la Covacha de Gredos.\" src=\"\/senderosextremadura\/wp-content\/uploads\/sites\/22\/2014\/12\/covacha.jpg\" alt=\"\" width=\"511\" height=\"383\" srcset=\"https:\/\/static-blogs.hoy.es\/wp-content\/uploads\/sites\/22\/2014\/12\/covacha.jpg 550w, https:\/\/static-blogs.hoy.es\/wp-content\/uploads\/sites\/22\/2014\/12\/covacha-300x225.jpg 300w\" sizes=\"(max-width: 511px) 100vw, 511px\" \/><\/a><\/p>\n<p>Un a\u00f1o m\u00e1s, el <strong>Grupo Placentino de Monta\u00f1a<\/strong> subir\u00e1 al pico de<strong> la Covacha <\/strong>para colocar el bel\u00e9n m\u00e1s alto de Extremadura, en la cima de Gredos. Lo har\u00e1n el pr\u00f3ximo fin de semana, tras realizar una ruta invernal por Castilfr\u00edo en una ascensi\u00f3n a\u00a0 2.399 metros de altitud. El nivel f\u00edsico que se requiere es muy alto. Una vez en la cima de La Covacha, los monta\u00f1eros colocar\u00e1n el portal de Bel\u00e9n y all\u00ed quedar\u00e1 instalado hasta que pasen los Reyes. Llevan realizando esta actividad 38 a\u00f1os, por lo que se trata de todo un rito navide\u00f1o.\u00a0 <!--more--><\/p>\n<p>Es impresdindible llevar crampones, piolet y, lo m\u00e1s importante, saber usarlos. La salida de la marcha tendr\u00e1 lugar el s\u00e1bado 13 a las 15 horas desde la avenida del Valle de Plasencia. El precio para participar es de tres euros y el desplazamiento hasta el punto de salida de la traves\u00eda se realiza en veh\u00edculos particulares.<\/p>\n<!-- AddThis Advanced Settings generic via filter on the_content --><!-- AddThis Share Buttons generic via filter on the_content -->","protected":false},"excerpt":{"rendered":"<p>Un a\u00f1o m\u00e1s, el Grupo Placentino de Monta\u00f1a subir\u00e1 al pico de la Covacha para colocar el bel\u00e9n m\u00e1s alto de Extremadura, en la cima de Gredos. Lo har\u00e1n el pr\u00f3ximo fin de semana, tras realizar una ruta invernal por Castilfr\u00edo en una ascensi\u00f3n a\u00a0 2.399 metros de altitud. El nivel f\u00edsico que se requiere [&hellip;]<!-- AddThis Advanced Settings generic via filter on get_the_excerpt --><!-- AddThis Share Buttons generic via filter on get_the_excerpt --><\/p>\n","protected":false},"author":27,"featured_media":0,"comment_status":"open","ping_status":"closed","sticky":false,"template":"","format":"standard","meta":[],"categories":[4],"tags":[243,524,527,906,1035],"_links":{"self":[{"href":"https:\/\/blogs.hoy.es\/senderosextremadura\/wp-json\/wp\/v2\/posts\/2994"}],"collection":[{"href":"https:\/\/blogs.hoy.es\/senderosextremadura\/wp-json\/wp\/v2\/posts"}],"about":[{"href":"https:\/\/blogs.hoy.es\/senderosextremadura\/wp-json\/wp\/v2\/types\/post"}],"author":[{"embeddable":true,"href":"https:\/\/blogs.hoy.es\/senderosextremadura\/wp-json\/wp\/v2\/users\/27"}],"replies":[{"embeddable":true,"href":"https:\/\/blogs.hoy.es\/senderosextremadura\/wp-json\/wp\/v2\/comments?post=2994"}],"version-history":[{"count":0,"href":"https:\/\/blogs.hoy.es\/senderosextremadura\/wp-json\/wp\/v2\/posts\/2994\/revisions"}],"wp:attachment":[{"href":"https:\/\/blogs.hoy.es\/senderosextremadura\/wp-json\/wp\/v2\/media?parent=2994"}],"wp:term":[{"taxonomy":"category","embeddable":true,"href":"https:\/\/blogs.hoy.es\/senderosextremadura\/wp-json\/wp\/v2\/categories?post=2994"},{"taxonomy":"post_tag","embeddable":true,"href":"https:\/\/blogs.hoy.es\/senderosextremadura\/wp-json\/wp\/v2\/tags?post=2994"}],"curies":[{"name":"wp","href":"https:\/\/api.w.org\/{rel}","templated":true}]}}