{"id":2997,"date":"2014-12-10T17:37:57","date_gmt":"2014-12-10T17:37:57","guid":{"rendered":"http:\/\/blogs.hoy.es\/senderosextremadura\/?p=2997"},"modified":"2014-12-10T17:37:57","modified_gmt":"2014-12-10T17:37:57","slug":"la-subida-al-belen-de-jalama-cierra-el-ano-senderista-en-coria","status":"publish","type":"post","link":"https:\/\/blogs.hoy.es\/senderosextremadura\/2014\/12\/10\/la-subida-al-belen-de-jalama-cierra-el-ano-senderista-en-coria\/","title":{"rendered":"La Subida al Bel\u00e9n de J\u00e1lama cierra el a\u00f1o senderista en Coria"},"content":{"rendered":"<p>El 21 de diciembre se cierra el a\u00f1o senderista en Coria con la <strong>Subida al Bel\u00e9n de J\u00e1lama<\/strong>, que organiza la Asociaci\u00f3n de Hermanamientos de Coria junto con La Carrera. Los participantes saldr\u00e1n a las nueve de la ma\u00f1ana desde la Plaza de la Paz.\u00a0 Toda la informaci\u00f3n sobre la inscripci\u00f3n, pinchando en <a href=\"http:\/\/deportescoria.blogspot.com\" target=\"_blank\" rel=\"external nofollow\"><strong>este enlace<\/strong><\/a>.<\/p>\n<p><a href=\"https:\/\/blogs.hoy.es\/senderosextremadura\/\"><img loading=\"lazy\" class=\"aligncenter  wp-image-2998\" title=\"\" src=\"\/senderosextremadura\/wp-content\/uploads\/sites\/22\/2014\/12\/belen-jalama.jpg\" alt=\"\" width=\"428\" height=\"603\" \/><\/a><\/p>\n<!-- AddThis Advanced Settings generic via filter on the_content --><!-- AddThis Share Buttons generic via filter on the_content -->","protected":false},"excerpt":{"rendered":"<p>El 21 de diciembre se cierra el a\u00f1o senderista en Coria con la Subida al Bel\u00e9n de J\u00e1lama, que organiza la Asociaci\u00f3n de Hermanamientos de Coria junto con La Carrera. Los participantes saldr\u00e1n a las nueve de la ma\u00f1ana desde la Plaza de la Paz.\u00a0 Toda la informaci\u00f3n sobre la inscripci\u00f3n, pinchando en este enlace.<!-- AddThis Advanced Settings generic via filter on get_the_excerpt --><!-- AddThis Share Buttons generic via filter on get_the_excerpt --><\/p>\n","protected":false},"author":27,"featured_media":0,"comment_status":"open","ping_status":"closed","sticky":false,"template":"","format":"standard","meta":[],"categories":[4],"tags":[],"_links":{"self":[{"href":"https:\/\/blogs.hoy.es\/senderosextremadura\/wp-json\/wp\/v2\/posts\/2997"}],"collection":[{"href":"https:\/\/blogs.hoy.es\/senderosextremadura\/wp-json\/wp\/v2\/posts"}],"about":[{"href":"https:\/\/blogs.hoy.es\/senderosextremadura\/wp-json\/wp\/v2\/types\/post"}],"author":[{"embeddable":true,"href":"https:\/\/blogs.hoy.es\/senderosextremadura\/wp-json\/wp\/v2\/users\/27"}],"replies":[{"embeddable":true,"href":"https:\/\/blogs.hoy.es\/senderosextremadura\/wp-json\/wp\/v2\/comments?post=2997"}],"version-history":[{"count":0,"href":"https:\/\/blogs.hoy.es\/senderosextremadura\/wp-json\/wp\/v2\/posts\/2997\/revisions"}],"wp:attachment":[{"href":"https:\/\/blogs.hoy.es\/senderosextremadura\/wp-json\/wp\/v2\/media?parent=2997"}],"wp:term":[{"taxonomy":"category","embeddable":true,"href":"https:\/\/blogs.hoy.es\/senderosextremadura\/wp-json\/wp\/v2\/categories?post=2997"},{"taxonomy":"post_tag","embeddable":true,"href":"https:\/\/blogs.hoy.es\/senderosextremadura\/wp-json\/wp\/v2\/tags?post=2997"}],"curies":[{"name":"wp","href":"https:\/\/api.w.org\/{rel}","templated":true}]}}