{"id":30,"date":"2012-02-24T13:11:38","date_gmt":"2012-02-24T13:11:38","guid":{"rendered":"http:\/\/blogs.hoy.es\/senderosextremadura\/?p=30"},"modified":"2012-02-24T13:11:38","modified_gmt":"2012-02-24T13:11:38","slug":"comida-de-matanza-para-cerrar-la-marcha-en-mata-de-alcantara-25-de-febrero","status":"publish","type":"post","link":"https:\/\/blogs.hoy.es\/senderosextremadura\/2012\/02\/24\/comida-de-matanza-para-cerrar-la-marcha-en-mata-de-alcantara-25-de-febrero\/","title":{"rendered":"Comida de matanza para cerrar la marcha en Mata de Alc\u00e1ntara (25 de febrero)"},"content":{"rendered":"<h2><a href=\"\/senderosextremadura\/wp-content\/uploads\/sites\/22\/2012\/02\/mata-alcantara1.jpg\"><img loading=\"lazy\" class=\"aligncenter size-full wp-image-32\" title=\"mata-alcantara\" src=\"\/senderosextremadura\/wp-content\/uploads\/sites\/22\/2012\/02\/mata-alcantara1.jpg\" alt=\"\" width=\"677\" height=\"370\" \/><\/a><\/h2>\n<h2><a href=\"http:\/\/www.matadealcantara.es\/\" rel=\"external nofollow\"><strong>Mata de Alc\u00e1ntara<\/strong><\/a> ser\u00e1 el punto de partida este s\u00e1bado 25 de febrero de una ruta senderista que culminar\u00e1 con una comida extreme\u00f1a a base de productos del cerdo. La localidad cacere\u00f1a est\u00e1 situada a pocos kil\u00f3metros de la frontera con Portugal, en la margen izquierda del r\u00edo Tajo.<\/h2>\n<h2>La marcha comenzar\u00e1 a las diez de la ma\u00f1ana en la Plaza de la Constituci\u00f3n, tras un &#8220;exquisito desayuno al calor de la hoguera a base de migas con caf\u00e9&#8221;. Con energ\u00edas recargadas, los participantes empezar\u00e1n a recorrer los <strong>15 kil\u00f3metros<\/strong> de una ruta que durar\u00e1 unas tres horas, aproximadamente.<\/h2>\n<h2>Antes de salir al campo, en la plaza de Espa\u00f1a\u00a0 se podr\u00e1 contemplar la <strong>iglesia de Nuestra Se\u00f1ora de Gracia<\/strong>, declarada de inter\u00e9s cultural por la Junta de Extremadura, para salir del pueblo por la calle Ribera. Se avanzar\u00e1 luego por el puente del arroyo y la noria, camino de los Pardillos o del molino Claver desde donde podremos ver el pueblo desde un alto y la zona del pocito y lob\u00f3n. De ah\u00ed hacia Jara\u00edz donde veremos varios pozos y la fuente de la cual se abastec\u00eda el pueblo.\u00a0 Los caminantes se dirigir\u00e1n despu\u00e9s a la <strong>dehesa de la Giralda<\/strong> para ver all\u00ed el pozo de las Gramas, el pozo Goloso, las lanchas de Cuco y Blanca que serv\u00edan de eras para separar el grano, todo esto por las cercan\u00edas de la buitrera donde se pueden ver buitres y alimoches, as\u00ed como pe\u00f1as singulares como el canchal de la peseta y restos de ruedas de molinos<\/h2>\n<h2>Proseguir\u00e1n hacia el mirador de la dehesa boyal, desde donde se puede observar la densidad de encinas centenarias existentes, grullas y cig\u00fce\u00f1as, siguiendo la ruta hacia la dehesa de la Montosa se contemplar\u00e1n lagares romanos romanos y tumbas antropomorfas, la charca de los obreros y muchas encinas de grandes troncos; y algunas construcciones de pastores.<\/h2>\n<h2><a href=\"\/senderosextremadura\/wp-content\/uploads\/sites\/22\/2012\/02\/matas.jpg\"><img loading=\"lazy\" class=\"alignright size-full wp-image-34\" title=\"matas\" src=\"\/senderosextremadura\/wp-content\/uploads\/sites\/22\/2012\/02\/matas.jpg\" alt=\"\" width=\"448\" height=\"244\" \/><\/a>Del paraje denominado de Tablilla, se pasar\u00e1 a la dehesa de los caballos donde se encuentra la lapa de los ga\u00f1anes y de ah\u00ed, de regreso al pueblo por el camino de las\u00a0 Cruces, que discurre junto a la ermita de san Pedro,\u00a0 retornar al punto de partida, la Plaza de la Constituci\u00f3n donde se podr\u00e1 degustar una suculenta y <strong>reconfortante comida<\/strong> elaborada con las carnes de los cerdos sacrificados en la ya tradicional matanza matiega.<\/h2>\n<p>&nbsp;<\/p>\n<p><strong>M\u00c1S INFORMACI\u00d3N <\/strong><br \/>\n<a href=\"http:\/\/www.matadealcantara.es\/\" rel=\"external nofollow\"><strong>Ayuntamiento de Mata de Alc\u00e1ntara <\/strong><\/a><br \/>\n<strong>Tel\u00e9fono: 927 37 10 32 <\/strong><br \/>\n<strong>Plaza de Espa\u00f1a, 1 <\/strong><br \/>\n<strong>Mata de Alc\u00e1ntara (C\u00e1ceres)<\/strong><\/p>\n<p><strong>PARTICIPA: Env\u00edanos tu ruta a <a href=\"mailto:senderismoextremadurahoy@gmail.com\" target=\"_blank\">senderismoextremadurahoy@gmail.com<\/a><\/strong><\/p>\n<p>&nbsp;<\/p>\n<!-- AddThis Advanced Settings generic via filter on the_content --><!-- AddThis Share Buttons generic via filter on the_content -->","protected":false},"excerpt":{"rendered":"<p>Mata de Alc\u00e1ntara ser\u00e1 el punto de partida este s\u00e1bado 25 de febrero de una ruta senderista que culminar\u00e1 con una comida extreme\u00f1a a base de productos del cerdo. La localidad cacere\u00f1a est\u00e1 situada a pocos kil\u00f3metros de la frontera con Portugal, en la margen izquierda del r\u00edo Tajo. La marcha comenzar\u00e1 a las diez [&hellip;]<!-- AddThis Advanced Settings generic via filter on get_the_excerpt --><!-- AddThis Share Buttons generic via filter on get_the_excerpt --><\/p>\n","protected":false},"author":27,"featured_media":0,"comment_status":"open","ping_status":"closed","sticky":false,"template":"","format":"standard","meta":[],"categories":[4],"tags":[23,121,135,232,251,301,480,484,661,678,712,713,906,944,1039],"_links":{"self":[{"href":"https:\/\/blogs.hoy.es\/senderosextremadura\/wp-json\/wp\/v2\/posts\/30"}],"collection":[{"href":"https:\/\/blogs.hoy.es\/senderosextremadura\/wp-json\/wp\/v2\/posts"}],"about":[{"href":"https:\/\/blogs.hoy.es\/senderosextremadura\/wp-json\/wp\/v2\/types\/post"}],"author":[{"embeddable":true,"href":"https:\/\/blogs.hoy.es\/senderosextremadura\/wp-json\/wp\/v2\/users\/27"}],"replies":[{"embeddable":true,"href":"https:\/\/blogs.hoy.es\/senderosextremadura\/wp-json\/wp\/v2\/comments?post=30"}],"version-history":[{"count":0,"href":"https:\/\/blogs.hoy.es\/senderosextremadura\/wp-json\/wp\/v2\/posts\/30\/revisions"}],"wp:attachment":[{"href":"https:\/\/blogs.hoy.es\/senderosextremadura\/wp-json\/wp\/v2\/media?parent=30"}],"wp:term":[{"taxonomy":"category","embeddable":true,"href":"https:\/\/blogs.hoy.es\/senderosextremadura\/wp-json\/wp\/v2\/categories?post=30"},{"taxonomy":"post_tag","embeddable":true,"href":"https:\/\/blogs.hoy.es\/senderosextremadura\/wp-json\/wp\/v2\/tags?post=30"}],"curies":[{"name":"wp","href":"https:\/\/api.w.org\/{rel}","templated":true}]}}