{"id":300,"date":"2012-03-30T21:04:19","date_gmt":"2012-03-30T21:04:19","guid":{"rendered":"http:\/\/blogs.hoy.es\/senderosextremadura\/?p=300"},"modified":"2012-03-30T21:04:19","modified_gmt":"2012-03-30T21:04:19","slug":"iv-ruta-templaria-por-jerez-de-los-caballeros-1-de-mayo","status":"publish","type":"post","link":"https:\/\/blogs.hoy.es\/senderosextremadura\/2012\/03\/30\/iv-ruta-templaria-por-jerez-de-los-caballeros-1-de-mayo\/","title":{"rendered":"IV Ruta Templaria por Jerez de los Caballeros (1 de mayo)"},"content":{"rendered":"<h2><a href=\"\/senderosextremadura\/wp-content\/uploads\/sites\/22\/2012\/03\/ruta-templaria.jpg\"><img loading=\"lazy\" class=\"alignleft size-full wp-image-301\" title=\"ruta-templaria\" src=\"\/senderosextremadura\/wp-content\/uploads\/sites\/22\/2012\/03\/ruta-templaria.jpg\" alt=\"\" width=\"490\" height=\"490\" srcset=\"https:\/\/static-blogs.hoy.es\/wp-content\/uploads\/sites\/22\/2012\/03\/ruta-templaria.jpg 700w, https:\/\/static-blogs.hoy.es\/wp-content\/uploads\/sites\/22\/2012\/03\/ruta-templaria-150x150.jpg 150w, https:\/\/static-blogs.hoy.es\/wp-content\/uploads\/sites\/22\/2012\/03\/ruta-templaria-300x300.jpg 300w, https:\/\/static-blogs.hoy.es\/wp-content\/uploads\/sites\/22\/2012\/03\/ruta-templaria-600x600.jpg 600w\" sizes=\"(max-width: 490px) 100vw, 490px\" \/><\/a>El 1 de mayo se celebra en <strong>Jerez de los Caballeros<\/strong> la Ruta Templaria. Al finalizar la caminata se entregar\u00e1 a los participantes una camiseta y, para comer y reponer fuerzas, tomar\u00e1n un bocadillo de jam\u00f3n, gazpacho y refresco. Durante la marcha se dispondr\u00e1 en puntos de avituallamiento con agua y fruta.<\/h2>\n<h2>La caminata de <strong>25 kil\u00f3metros<\/strong>, con una alternativa de 19, est\u00e1 organizada por el Club de Senderismo Xerez. La marcha \u00a0salida dar\u00e1 comienzo a las nueve de la ma\u00f1ana en el parque de Santa Luc\u00eda, para atravesar la ciudad y tomar rumbo norte por el antiguo camino de Salvatierra, pasando por el &#8220;Alto del Empedrado&#8221;, que recibe el nombre por la aparici\u00f3n de piedras como firme del camino.<\/h2>\n<h2>Los senderistas cruzar\u00e1n los &#8220;Cotos&#8221;, campos de olivares, dirigirse despu\u00e9s al &#8220;Chirrao&#8221; donde empieza a predominar el alcornoque y la encina. Estamos en tierra de dehesas generosas en bellotas, materia prima para el engorde de nuestro cerdo ib\u00e9rico. Se cruza despu\u00e9s por antiguas sendas,&#8221;Malos Grillos&#8221; la &#8220;Osenda&#8221;, para llegar a la &#8220;Chota&#8221; y cambiar de rumbo al oeste. Un poco m\u00e1s\u00a0 adelante encontraremos el cruce del &#8220;Camino del Casta\u00f1o&#8221;,en esta intersecci\u00f3n se podr\u00e1 optar por seguir la ruta o tomar direcci\u00f3n a Valle de Santa Ana, reduciendo los kil\u00f3metros de marcha pasando a ser unos 19 km. Buena alternativa para los que no est\u00e9n suficientemente preparados para afrontar la subida al Valle de Matamoros. Siguiendo la ruta hacia este municipio se comienza a subir un tramo bastante empinado, quiz\u00e1s la parte m\u00e1s dif\u00edcil de la ruta, dejando los parajes de dehesa para encontrarnos con una vegetaci\u00f3n donde predomina el casta\u00f1o, m\u00e1s t\u00edpico de clima de monta\u00f1a.<\/h2>\n<h2>El Valle de Matamoros, situado sobre una orograf\u00eda accidentada, ocupa un asentamiento de gran belleza natural, cubierto de abundante vegetaci\u00f3n, donde predomina el casta\u00f1o, el madro\u00f1o, la zarza y en ciertos tramos el &#8220;Helecho Arboreo&#8221;. <a href=\"\/senderosextremadura\/wp-content\/uploads\/sites\/22\/2012\/03\/templarias.jpg\"><img loading=\"lazy\" class=\"alignright size-large wp-image-303\" title=\"templarias\" src=\"\/senderosextremadura\/wp-content\/uploads\/sites\/22\/2012\/03\/templarias.jpg\" alt=\"\" width=\"472\" height=\"614\" srcset=\"https:\/\/static-blogs.hoy.es\/wp-content\/uploads\/sites\/22\/2012\/03\/templarias.jpg 1000w, https:\/\/static-blogs.hoy.es\/wp-content\/uploads\/sites\/22\/2012\/03\/templarias-231x300.jpg 231w, https:\/\/static-blogs.hoy.es\/wp-content\/uploads\/sites\/22\/2012\/03\/templarias-768x998.jpg 768w, https:\/\/static-blogs.hoy.es\/wp-content\/uploads\/sites\/22\/2012\/03\/templarias-600x780.jpg 600w\" sizes=\"(max-width: 472px) 100vw, 472px\" \/><\/a>Por el llamado camino de &#8220;San Gregorio&#8221; se llegar\u00e1 al &#8220;Valle de Santa Ana&#8221; ,cruzaremos esta poblaci\u00f3n de norte a sur por su calle principal, pasando junto a su iglesia de origen mud\u00e9jar, tambi\u00e9n destaca el pulpito de m\u00e1rmol empotrado en el muro de una casa frente a la iglesia. Con otro cambio de direcci\u00f3n, ponemos rumbo Oeste y salimos del valle de Santa Ana pasando por los &#8220;Clementes&#8221; y los &#8220;Salgueros&#8221; barrios de esta localidad, que tiene la peculiaridad de tener varios n\u00facleos de casas separadas unas de otras y de hay el dicho popular que dice as\u00ed:&#8221; Santana no es ciudad ni villa ,pero es mas grande que Sevilla&#8221;.<\/h2>\n<h2>Prosigue camino pasando junto al convento &#8220;en ruinas &#8221; de la &#8220;Margarita&#8221; y a nuestra derecha podremos observar la sierra de San\u00a0 Jos\u00e9 de 785 metros de altitud, nuevamente giraremos, en esta ocasi\u00f3n para tomar rumbo este, a trav\u00e9s de &#8220;Los Chaparrales&#8221; la &#8220;Vaquilla&#8221; el &#8220;Pasil&#8221;, llegaremos a Jerez, pasando junto a otro convento, el de &#8220;Aguasantas&#8221;,convertido hoy d\u00eda en centro de educaci\u00f3n especial, seguiremos caminando hasta llegar a la plaza de la &#8221; Alcazaba&#8221; final de la ruta, aqu\u00ed se encuentra la famosa torre &#8220;Sangrienta&#8221; donde dice la leyenda murieron decapitados los \u00faltimos caballeros templarios.<\/h2>\n<h2>Te puedes inscribir de forma gratuita en esta marcha perteneciente al <strong>Circuito Extreme\u00f1o de Rutas Senderistas<\/strong> antes del 27 de abril.<\/h2>\n<h2><a href=\"mailto:senderismo.xerez@hotmail.com\" target=\"_blank\"><strong>senderismo.xerez@hotmail.com<\/strong><\/a><br \/>\n924750303-924730372<\/h2>\n<!-- AddThis Advanced Settings generic via filter on the_content --><!-- AddThis Share Buttons generic via filter on the_content -->","protected":false},"excerpt":{"rendered":"<p>El 1 de mayo se celebra en Jerez de los Caballeros la Ruta Templaria. Al finalizar la caminata se entregar\u00e1 a los participantes una camiseta y, para comer y reponer fuerzas, tomar\u00e1n un bocadillo de jam\u00f3n, gazpacho y refresco. Durante la marcha se dispondr\u00e1 en puntos de avituallamiento con agua y fruta. La caminata de [&hellip;]<!-- AddThis Advanced Settings generic via filter on get_the_excerpt --><!-- AddThis Share Buttons generic via filter on get_the_excerpt --><\/p>\n","protected":false},"author":27,"featured_media":0,"comment_status":"open","ping_status":"closed","sticky":false,"template":"","format":"standard","meta":[],"categories":[4],"tags":[86,114,301,417,1014],"_links":{"self":[{"href":"https:\/\/blogs.hoy.es\/senderosextremadura\/wp-json\/wp\/v2\/posts\/300"}],"collection":[{"href":"https:\/\/blogs.hoy.es\/senderosextremadura\/wp-json\/wp\/v2\/posts"}],"about":[{"href":"https:\/\/blogs.hoy.es\/senderosextremadura\/wp-json\/wp\/v2\/types\/post"}],"author":[{"embeddable":true,"href":"https:\/\/blogs.hoy.es\/senderosextremadura\/wp-json\/wp\/v2\/users\/27"}],"replies":[{"embeddable":true,"href":"https:\/\/blogs.hoy.es\/senderosextremadura\/wp-json\/wp\/v2\/comments?post=300"}],"version-history":[{"count":0,"href":"https:\/\/blogs.hoy.es\/senderosextremadura\/wp-json\/wp\/v2\/posts\/300\/revisions"}],"wp:attachment":[{"href":"https:\/\/blogs.hoy.es\/senderosextremadura\/wp-json\/wp\/v2\/media?parent=300"}],"wp:term":[{"taxonomy":"category","embeddable":true,"href":"https:\/\/blogs.hoy.es\/senderosextremadura\/wp-json\/wp\/v2\/categories?post=300"},{"taxonomy":"post_tag","embeddable":true,"href":"https:\/\/blogs.hoy.es\/senderosextremadura\/wp-json\/wp\/v2\/tags?post=300"}],"curies":[{"name":"wp","href":"https:\/\/api.w.org\/{rel}","templated":true}]}}