{"id":3003,"date":"2014-12-11T15:42:33","date_gmt":"2014-12-11T15:42:33","guid":{"rendered":"http:\/\/blogs.hoy.es\/senderosextremadura\/?p=3003"},"modified":"2014-12-11T15:42:33","modified_gmt":"2014-12-11T15:42:33","slug":"geografica-cierra-el-ano-con-la-clasica-ruta-de-isabel-la-catolica-14-de-diciembre","status":"publish","type":"post","link":"https:\/\/blogs.hoy.es\/senderosextremadura\/2014\/12\/11\/geografica-cierra-el-ano-con-la-clasica-ruta-de-isabel-la-catolica-14-de-diciembre\/","title":{"rendered":"Geogr\u00e1fica cierra el a\u00f1o con la cl\u00e1sica ruta de Isabel la Cat\u00f3lica"},"content":{"rendered":"<div id=\"attachment_3004\" style=\"width: 529px\" class=\"wp-caption aligncenter\"><a href=\"https:\/\/blogs.hoy.es\/senderosextremadura\/\"><img aria-describedby=\"caption-attachment-3004\" loading=\"lazy\" class=\" wp-image-3004\" title=\"\" src=\"\/senderosextremadura\/wp-content\/uploads\/sites\/22\/2014\/12\/catolica.jpg\" alt=\"\" width=\"519\" height=\"389\" srcset=\"https:\/\/static-blogs.hoy.es\/wp-content\/uploads\/sites\/22\/2014\/12\/catolica.jpg 760w, https:\/\/static-blogs.hoy.es\/wp-content\/uploads\/sites\/22\/2014\/12\/catolica-300x225.jpg 300w, https:\/\/static-blogs.hoy.es\/wp-content\/uploads\/sites\/22\/2014\/12\/catolica-600x450.jpg 600w\" sizes=\"(max-width: 519px) 100vw, 519px\" \/><\/a><p id=\"caption-attachment-3004\" class=\"wp-caption-text\">Bosques y sierras que pueden disfrutarse en la ruta.::HOY<\/p><\/div>\n<p>La <a href=\"http:\/\/www.asociaciongeografica.com\/\" target=\"_blank\" rel=\"external nofollow\"><strong>Asociaci\u00f3n Geogr\u00e1fica<\/strong><\/a> cierra el a\u00f1o senderista con la cl\u00e1sica <a href=\"http:\/\/www.hoy.es\/multimedia\/fotos\/ultimos\/109786-mejores-vistas-villuercas-ruta-isabel-catolica-0.html\" target=\"_blank\" rel=\"external nofollow\"><strong>Ruta de Isabel La Cat\u00f3lica<\/strong><\/a> (fotos). Una preciosa traves\u00eda que une las localidades cacere\u00f1as de <strong>Ca\u00f1amero<\/strong> con la de<strong> Guadalupe<\/strong>, en el <strong>Geoparque Villuercas-Ibores-Jara<\/strong>. La marcha tendr\u00e1 lugar el pr\u00f3ximo domingo <strong>14 de diciembre<\/strong>, y habr\u00e1\u00a0 salidas en autob\u00fas desde Badajoz y M\u00e9rida.<!--more-->Los participantes en la caminata llegar\u00e1n a Guadalupe a mediod\u00eda, por lo que podr\u00e1n comer en alguna de sus terrazas o mesones de su preciosa Plaza Mayor. Tambi\u00e9n habr\u00e1 tiempo para visitar las callejuelas de esta villa, punto de peregrinaci\u00f3n y fervor mariano a la Patrona de Extremadura. El enclave fue declarado <strong>Patrimonio de la Humanidad en 1993<\/strong>.<\/p>\n<p>El precio de la marcha, incluyendo seguro y transporte, tiene un coste de 20 euros.<\/p>\n<p>M\u00e1s informaci\u00f3n en la web de la <a href=\"http:\/\/www.asociaciongeografica.com\/\" target=\"_blank\" rel=\"external nofollow\"><strong>Asociaci\u00f3n Geogr\u00e1fica.<\/strong><\/a><\/p>\n<div id=\"attachment_3005\" style=\"width: 501px\" class=\"wp-caption aligncenter\"><a href=\"https:\/\/blogs.hoy.es\/senderosextremadura\/\"><img aria-describedby=\"caption-attachment-3005\" loading=\"lazy\" class=\" wp-image-3005\" title=\"\" src=\"\/senderosextremadura\/wp-content\/uploads\/sites\/22\/2014\/12\/ruta-catolica.jpg\" alt=\"\" width=\"491\" height=\"368\" srcset=\"https:\/\/static-blogs.hoy.es\/wp-content\/uploads\/sites\/22\/2014\/12\/ruta-catolica.jpg 760w, https:\/\/static-blogs.hoy.es\/wp-content\/uploads\/sites\/22\/2014\/12\/ruta-catolica-300x225.jpg 300w, https:\/\/static-blogs.hoy.es\/wp-content\/uploads\/sites\/22\/2014\/12\/ruta-catolica-600x450.jpg 600w\" sizes=\"(max-width: 491px) 100vw, 491px\" \/><\/a><p id=\"caption-attachment-3005\" class=\"wp-caption-text\">Caminantes en la Ruta de Isabel la Cat\u00f3lica. Al fondo, la Villa de Guadalupe.<\/p><\/div>\n<!-- AddThis Advanced Settings generic via filter on the_content --><!-- AddThis Share Buttons generic via filter on the_content -->","protected":false},"excerpt":{"rendered":"<p>La Asociaci\u00f3n Geogr\u00e1fica cierra el a\u00f1o senderista con la cl\u00e1sica Ruta de Isabel La Cat\u00f3lica (fotos). Una preciosa traves\u00eda que une las localidades cacere\u00f1as de Ca\u00f1amero con la de Guadalupe, en el Geoparque Villuercas-Ibores-Jara. La marcha tendr\u00e1 lugar el pr\u00f3ximo domingo 14 de diciembre, y habr\u00e1\u00a0 salidas en autob\u00fas desde Badajoz y M\u00e9rida.<!-- AddThis Advanced Settings generic via filter on get_the_excerpt --><!-- AddThis Share Buttons generic via filter on get_the_excerpt --><\/p>\n","protected":false},"author":27,"featured_media":0,"comment_status":"open","ping_status":"closed","sticky":false,"template":"","format":"standard","meta":[],"categories":[4],"tags":[70,136,148,364,725,836,858,911,917],"_links":{"self":[{"href":"https:\/\/blogs.hoy.es\/senderosextremadura\/wp-json\/wp\/v2\/posts\/3003"}],"collection":[{"href":"https:\/\/blogs.hoy.es\/senderosextremadura\/wp-json\/wp\/v2\/posts"}],"about":[{"href":"https:\/\/blogs.hoy.es\/senderosextremadura\/wp-json\/wp\/v2\/types\/post"}],"author":[{"embeddable":true,"href":"https:\/\/blogs.hoy.es\/senderosextremadura\/wp-json\/wp\/v2\/users\/27"}],"replies":[{"embeddable":true,"href":"https:\/\/blogs.hoy.es\/senderosextremadura\/wp-json\/wp\/v2\/comments?post=3003"}],"version-history":[{"count":0,"href":"https:\/\/blogs.hoy.es\/senderosextremadura\/wp-json\/wp\/v2\/posts\/3003\/revisions"}],"wp:attachment":[{"href":"https:\/\/blogs.hoy.es\/senderosextremadura\/wp-json\/wp\/v2\/media?parent=3003"}],"wp:term":[{"taxonomy":"category","embeddable":true,"href":"https:\/\/blogs.hoy.es\/senderosextremadura\/wp-json\/wp\/v2\/categories?post=3003"},{"taxonomy":"post_tag","embeddable":true,"href":"https:\/\/blogs.hoy.es\/senderosextremadura\/wp-json\/wp\/v2\/tags?post=3003"}],"curies":[{"name":"wp","href":"https:\/\/api.w.org\/{rel}","templated":true}]}}