{"id":3007,"date":"2014-12-11T19:43:30","date_gmt":"2014-12-11T19:43:30","guid":{"rendered":"http:\/\/blogs.hoy.es\/senderosextremadura\/?p=3007"},"modified":"2014-12-11T19:43:30","modified_gmt":"2014-12-11T19:43:30","slug":"extremadura-tendra-una-red-de-senderos-turisticos","status":"publish","type":"post","link":"https:\/\/blogs.hoy.es\/senderosextremadura\/2014\/12\/11\/extremadura-tendra-una-red-de-senderos-turisticos\/","title":{"rendered":"Extremadura tendr\u00e1 una Red de Senderos Tur\u00edsticos"},"content":{"rendered":"<div id=\"attachment_3009\" style=\"width: 610px\" class=\"wp-caption aligncenter\"><a href=\"https:\/\/blogs.hoy.es\/senderosextremadura\/\"><img aria-describedby=\"caption-attachment-3009\" loading=\"lazy\" class=\" wp-image-3009\" title=\"\" src=\"\/senderosextremadura\/wp-content\/uploads\/sites\/22\/2014\/12\/sotillo.jpg\" alt=\"\" width=\"600\" height=\"448\" \/><\/a><p id=\"caption-attachment-3009\" class=\"wp-caption-text\">Sendero del Sotillo, en la Siberia extreme\u00f1a:: HOY<\/p><\/div>\n<p>La Junta de Extremadura\u00a0 est\u00e1 trabajando en la puesta en marcha de la Red de Senderos Tur\u00edsticos de Extremadura, para lo que se ha realizado un estudio previo en el que se han identificado 304 senderos, con una extensi\u00f3n total de 6.000 kil\u00f3metros, algunos de los cuales ya cumplen los requisitos.<!--more--><br \/>\nEsta ma\u00f1ana se ha celebrado una reuni\u00f3n de trabajo sobre esta red, que se enmarca en la nueva Estrategia Regional de Turismo de Naturaleza y Deportivo, seg\u00fan detalla la Junta en una nota.<br \/>\nEn el encuentro han participado la directora general de Turismo, Elisa Cruz, representantes de las diferentes entidades implicadas en la gesti\u00f3n de senderos de la regi\u00f3n, especialmente grupos de acci\u00f3n local, mancomunidades, ayuntamientos y diputaciones provinciales.<br \/>\nCruz ha explicado que algunas entidades hab\u00edan trabajado el senderismo, pero de forma inconexa y que ahora se crear\u00e1 una red regional con un manual de producto que identifica los criterios de calidad que deben cumplir, para integrarlos en la promoci\u00f3n nacional e internacional.<br \/>\n&#8220;Estamos en el punto de partida para desarrollar la red, porque tenemos que trabajar codo a codo para que nuestros senderos cumplan los m\u00e1ximos est\u00e1ndares de calidad y puedan integrarse en nuestra nueva red regional&#8221;, ha detallado Cruz.<\/p>\n<div id=\"attachment_3010\" style=\"width: 610px\" class=\"wp-caption aligncenter\"><a href=\"https:\/\/blogs.hoy.es\/senderosextremadura\/\"><img aria-describedby=\"caption-attachment-3010\" loading=\"lazy\" class=\"size-large wp-image-3010\" title=\"\" src=\"\/senderosextremadura\/wp-content\/uploads\/sites\/22\/2014\/12\/senderistas.jpg\" alt=\"\" width=\"600\" height=\"401\" srcset=\"https:\/\/static-blogs.hoy.es\/wp-content\/uploads\/sites\/22\/2014\/12\/senderistas.jpg 960w, https:\/\/static-blogs.hoy.es\/wp-content\/uploads\/sites\/22\/2014\/12\/senderistas-300x201.jpg 300w, https:\/\/static-blogs.hoy.es\/wp-content\/uploads\/sites\/22\/2014\/12\/senderistas-768x514.jpg 768w, https:\/\/static-blogs.hoy.es\/wp-content\/uploads\/sites\/22\/2014\/12\/senderistas-600x401.jpg 600w\" sizes=\"(max-width: 600px) 100vw, 600px\" \/><\/a><p id=\"caption-attachment-3010\" class=\"wp-caption-text\">Senderistas en una ruta por la Sierra de Monsalud.HOY<\/p><\/div>\n<p><strong>304 senderos con una extensi\u00f3n total de 6.000 kil\u00f3metros<\/strong><br \/>\nDe momento, en el estudio previo para desarrollar este producto, ya se han identificado 304 senderos con una extensi\u00f3n total de 6.000 kil\u00f3metros, que equivaldr\u00eda a unir Extremadura con Rusia, aunque por ahora solo algunos de ellos cumplen los requisitos fijados para integrarse en la nueva Red de Senderos Tur\u00edsticos de Extremadura.<br \/>\n\u00c9sta cuenta con un manual de producto en el que se establecen los est\u00e1ndares m\u00ednimos de calidad que deben cumplir los senderos en cuestiones como seguridad, se\u00f1alizaci\u00f3n o informaci\u00f3n al p\u00fablico, por ejemplo, a trav\u00e9s de internet y en diferentes idiomas.<br \/>\nDe este modo, seg\u00fan Cruz, la nueva Red de Senderos Tur\u00edsticos permitir\u00e1 &#8220;posicionar a Extremadura como un referente en senderismo, como ya ocurre en \u00e1reas como el birding&#8221; pues la regi\u00f3n &#8220;cuenta sin duda cuenta con potencial m\u00e1s que suficiente&#8221; para ello.<br \/>\n&#8220;Es el momento de dar un salto de calidad y conseguir que nuestra regi\u00f3n se identifique definitivamente como el destino privilegiado que es para practicar este tipo de turismo&#8221;, ha remarcado.<\/p>\n<p>Fuente: EFE<\/p>\n<!-- AddThis Advanced Settings generic via filter on the_content --><!-- AddThis Share Buttons generic via filter on the_content -->","protected":false},"excerpt":{"rendered":"<p>La Junta de Extremadura\u00a0 est\u00e1 trabajando en la puesta en marcha de la Red de Senderos Tur\u00edsticos de Extremadura, para lo que se ha realizado un estudio previo en el que se han identificado 304 senderos, con una extensi\u00f3n total de 6.000 kil\u00f3metros, algunos de los cuales ya cumplen los requisitos.<!-- AddThis Advanced Settings generic via filter on get_the_excerpt --><!-- AddThis Share Buttons generic via filter on get_the_excerpt --><\/p>\n","protected":false},"author":27,"featured_media":0,"comment_status":"open","ping_status":"closed","sticky":false,"template":"","format":"standard","meta":[],"categories":[3,4],"tags":[301,799,821,874,906,917,944,1035],"_links":{"self":[{"href":"https:\/\/blogs.hoy.es\/senderosextremadura\/wp-json\/wp\/v2\/posts\/3007"}],"collection":[{"href":"https:\/\/blogs.hoy.es\/senderosextremadura\/wp-json\/wp\/v2\/posts"}],"about":[{"href":"https:\/\/blogs.hoy.es\/senderosextremadura\/wp-json\/wp\/v2\/types\/post"}],"author":[{"embeddable":true,"href":"https:\/\/blogs.hoy.es\/senderosextremadura\/wp-json\/wp\/v2\/users\/27"}],"replies":[{"embeddable":true,"href":"https:\/\/blogs.hoy.es\/senderosextremadura\/wp-json\/wp\/v2\/comments?post=3007"}],"version-history":[{"count":0,"href":"https:\/\/blogs.hoy.es\/senderosextremadura\/wp-json\/wp\/v2\/posts\/3007\/revisions"}],"wp:attachment":[{"href":"https:\/\/blogs.hoy.es\/senderosextremadura\/wp-json\/wp\/v2\/media?parent=3007"}],"wp:term":[{"taxonomy":"category","embeddable":true,"href":"https:\/\/blogs.hoy.es\/senderosextremadura\/wp-json\/wp\/v2\/categories?post=3007"},{"taxonomy":"post_tag","embeddable":true,"href":"https:\/\/blogs.hoy.es\/senderosextremadura\/wp-json\/wp\/v2\/tags?post=3007"}],"curies":[{"name":"wp","href":"https:\/\/api.w.org\/{rel}","templated":true}]}}