{"id":3011,"date":"2014-12-14T10:11:07","date_gmt":"2014-12-14T10:11:07","guid":{"rendered":"http:\/\/blogs.hoy.es\/senderosextremadura\/?p=3011"},"modified":"2014-12-14T10:11:07","modified_gmt":"2014-12-14T10:11:07","slug":"los-senderistas-de-trujillo-haran-211-kilometros-durante-2015","status":"publish","type":"post","link":"https:\/\/blogs.hoy.es\/senderosextremadura\/2014\/12\/14\/los-senderistas-de-trujillo-haran-211-kilometros-durante-2015\/","title":{"rendered":"Los senderistas de Trujillo har\u00e1n 211 kil\u00f3metros durante 2015"},"content":{"rendered":"<div id=\"attachment_3013\" style=\"width: 585px\" class=\"wp-caption aligncenter\"><a href=\"https:\/\/blogs.hoy.es\/senderosextremadura\/\"><img aria-describedby=\"caption-attachment-3013\" loading=\"lazy\" class=\" wp-image-3013\" title=\"\" src=\"\/senderosextremadura\/wp-content\/uploads\/sites\/22\/2014\/12\/senderistas-trujillo.jpg\" alt=\"\" width=\"575\" height=\"403\" srcset=\"https:\/\/static-blogs.hoy.es\/wp-content\/uploads\/sites\/22\/2014\/12\/senderistas-trujillo.jpg 575w, https:\/\/static-blogs.hoy.es\/wp-content\/uploads\/sites\/22\/2014\/12\/senderistas-trujillo-300x210.jpg 300w\" sizes=\"(max-width: 575px) 100vw, 575px\" \/><\/a><p id=\"caption-attachment-3013\" class=\"wp-caption-text\">Participantes de las rutas senderistas.<\/p><\/div>\n<p>JAVIER S\u00c1NCHEZ | El Club de Senderismo Trujillo en Marcha ya tiene el calendario de actividades para 2015. Sus socios recorrer\u00e1n 211 kil\u00f3metros repartidos en 14 rutas por distintas partes de la regi\u00f3n. Al menos, se har\u00e1 una por mes, excepto en julio que se tomar\u00e1n un descanso. Seg\u00fan el secretario de la organizaci\u00f3n, Demetrio Barquilla, casi todas las rutas dise\u00f1adas son nuevas para los senderistas trujillanos.<\/p>\n<p>Este calendario incluye dos marchas de dificultad alta, que ser\u00e1n la de Carlos V en mayo, que va de Tornavacas a Jarandilla, y otra por Gredos. Barquilla tambi\u00e9n destaca que seguir\u00e1 dando a conocer el berrocal con dos rutas durante el a\u00f1o. As\u00ed mismo, se continuar\u00e1 con la propuesta de pasar un fin de semana fuera. En esta ocasi\u00f3n, ser\u00e1 en Miranda del Casta\u00f1ar. Otra de las novedades es que solo se har\u00e1 el \u00faltimo tramo de peregrinaci\u00f3n a Guadalupe desde Logros\u00e1n.<\/p>\n<!-- AddThis Advanced Settings generic via filter on the_content --><!-- AddThis Share Buttons generic via filter on the_content -->","protected":false},"excerpt":{"rendered":"<p>JAVIER S\u00c1NCHEZ | El Club de Senderismo Trujillo en Marcha ya tiene el calendario de actividades para 2015. Sus socios recorrer\u00e1n 211 kil\u00f3metros repartidos en 14 rutas por distintas partes de la regi\u00f3n. Al menos, se har\u00e1 una por mes, excepto en julio que se tomar\u00e1n un descanso. Seg\u00fan el secretario de la organizaci\u00f3n, Demetrio [&hellip;]<!-- AddThis Advanced Settings generic via filter on get_the_excerpt --><!-- AddThis Share Buttons generic via filter on get_the_excerpt --><\/p>\n","protected":false},"author":27,"featured_media":0,"comment_status":"open","ping_status":"closed","sticky":false,"template":"","format":"standard","meta":[],"categories":[4],"tags":[301,821,906,948,1037],"_links":{"self":[{"href":"https:\/\/blogs.hoy.es\/senderosextremadura\/wp-json\/wp\/v2\/posts\/3011"}],"collection":[{"href":"https:\/\/blogs.hoy.es\/senderosextremadura\/wp-json\/wp\/v2\/posts"}],"about":[{"href":"https:\/\/blogs.hoy.es\/senderosextremadura\/wp-json\/wp\/v2\/types\/post"}],"author":[{"embeddable":true,"href":"https:\/\/blogs.hoy.es\/senderosextremadura\/wp-json\/wp\/v2\/users\/27"}],"replies":[{"embeddable":true,"href":"https:\/\/blogs.hoy.es\/senderosextremadura\/wp-json\/wp\/v2\/comments?post=3011"}],"version-history":[{"count":0,"href":"https:\/\/blogs.hoy.es\/senderosextremadura\/wp-json\/wp\/v2\/posts\/3011\/revisions"}],"wp:attachment":[{"href":"https:\/\/blogs.hoy.es\/senderosextremadura\/wp-json\/wp\/v2\/media?parent=3011"}],"wp:term":[{"taxonomy":"category","embeddable":true,"href":"https:\/\/blogs.hoy.es\/senderosextremadura\/wp-json\/wp\/v2\/categories?post=3011"},{"taxonomy":"post_tag","embeddable":true,"href":"https:\/\/blogs.hoy.es\/senderosextremadura\/wp-json\/wp\/v2\/tags?post=3011"}],"curies":[{"name":"wp","href":"https:\/\/api.w.org\/{rel}","templated":true}]}}