{"id":3019,"date":"2014-12-17T18:19:03","date_gmt":"2014-12-17T18:19:03","guid":{"rendered":"http:\/\/blogs.hoy.es\/senderosextremadura\/?p=3019"},"modified":"2014-12-17T18:19:03","modified_gmt":"2014-12-17T18:19:03","slug":"mil-ninos-y-mayores-disfrutaron-de-la-ruta-a-la-mansion-de-los-norman","status":"publish","type":"post","link":"https:\/\/blogs.hoy.es\/senderosextremadura\/2014\/12\/17\/mil-ninos-y-mayores-disfrutaron-de-la-ruta-a-la-mansion-de-los-norman\/","title":{"rendered":"Mil ni\u00f1os y mayores disfrutaron de la ruta a la Mansi\u00f3n de los Norman"},"content":{"rendered":"<p><a href=\"https:\/\/blogs.hoy.es\/senderosextremadura\/2014\/12\/17\/mil-ninos-y-mayores-disfrutaron-de-la-ruta-a-la-mansion-de-los-norman\/norman\/\" rel=\"attachment wp-att-3021\"><img loading=\"lazy\" class=\"aligncenter size-large wp-image-3021\" title=\"\" src=\"\/senderosextremadura\/wp-content\/uploads\/sites\/22\/2014\/12\/norman.jpg\" alt=\"\" width=\"600\" height=\"399\" srcset=\"https:\/\/static-blogs.hoy.es\/wp-content\/uploads\/sites\/22\/2014\/12\/norman.jpg 830w, https:\/\/static-blogs.hoy.es\/wp-content\/uploads\/sites\/22\/2014\/12\/norman-300x200.jpg 300w, https:\/\/static-blogs.hoy.es\/wp-content\/uploads\/sites\/22\/2014\/12\/norman-768x512.jpg 768w, https:\/\/static-blogs.hoy.es\/wp-content\/uploads\/sites\/22\/2014\/12\/norman-600x400.jpg 600w\" sizes=\"(max-width: 600px) 100vw, 600px\" \/><\/a><\/p>\n<p>Una mansi\u00f3n centenaria, un laboratorio misterioso con p\u00f3cimas m\u00e1gicas y m\u00e1s de mil ni\u00f1os, grandes y peque\u00f1os, con la ilusi\u00f3n de descubrir la leyenda de Norman y los Krulls. Ni la lluvia, ni el fr\u00edo consiguieron vencer a las ganas de caminar<a href=\"https:\/\/blogs.hoy.es\/senderosextremadura\/2014\/12\/17\/mil-ninos-y-mayores-disfrutaron-de-la-ruta-a-la-mansion-de-los-norman\/unnamed-3\/\" rel=\"attachment wp-att-3022\"><img loading=\"lazy\" class=\"alignright  wp-image-3022\" title=\"\" src=\"\/senderosextremadura\/wp-content\/uploads\/sites\/22\/2014\/12\/unnamed.jpg\" alt=\"\" width=\"340\" height=\"510\" srcset=\"https:\/\/static-blogs.hoy.es\/wp-content\/uploads\/sites\/22\/2014\/12\/unnamed.jpg 369w, https:\/\/static-blogs.hoy.es\/wp-content\/uploads\/sites\/22\/2014\/12\/unnamed-200x300.jpg 200w\" sizes=\"(max-width: 340px) 100vw, 340px\" \/><\/a> y vivir este d\u00eda junto a los Prisi\u00f1as, que una vez m\u00e1s hicieron volar la imaginaci\u00f3n para llevar a todos hacia un nuevo mundo de fantas\u00eda.<\/p>\n<p>Un caf\u00e9 con migas y dulces recib\u00eda a los senderistas en el Hotel Heredero a las ocho de la ma\u00f1ana y a las nueve part\u00eda la ruta puntual, en un d\u00eda en el que las inclemencias del tiempo no consiguieron borrar sonrisas. Los m\u00e1s peque\u00f1os realizaron finalmente un recorrido urbano para evitar los caminos embarrados. Sin embargo, la ruta larga se mantuvo en sus 20 kil\u00f3metros y fue toda una odisea para aquellos que se atrevieron a emprenderla.<\/p>\n<p>A la llegada a la Mansi\u00f3n de los Norman, las hermanas Fata y Morgana les daban la bienvenida tras la espera y les conduc\u00edan hasta el laboratorio de sus hermanos Adalberto y Melinberto para mostrarles a los fabulosos krulls, que hab\u00edan fabricado para ellos cientos y cientos de dulces.<\/p>\n<p>Al regresar al Hotel, les aguardaban unos riqu\u00edsimos garbanzos y macarrones para recobrar las fuerzas. Y actividades como karts, paint ball o castillos hinchables, deleitaban a ni\u00f1os y mayores tras la comida.<\/p>\n<p><strong>La Mansi\u00f3n de los Norman abre las puertas por segunda vez esta Navidad<\/strong><\/p>\n<p>Si no pudiste asistir a este evento, debes saber que la casa mansi\u00f3n de los Norman volver\u00e1 a abrir sus puertas este domingo 21 de diciembre.\u00a0 Ser\u00e1 a beneficio de la Asociaci\u00f3n Aprosuba 14 y tendr\u00e1 un coste de dos euros. No requiere inscripci\u00f3n previa. La mansi\u00f3n est\u00e1 situada en la Quinta de San Juan de Olivenza. El club aconseja ir andando desde Olivenza, por las posibles dificultades de aparcamiento.<\/p>\n<p>&nbsp;<\/p>\n<p>Fuente: Club Prisi\u00f1as de Olivenza. M\u00e1s informaci\u00f3n, <a href=\"www.clubsenderistaolivenza.es.\" target=\"_blank\">en su web<\/a>.<\/p>\n<p style=\"text-align: center;\"><a href=\"https:\/\/blogs.hoy.es\/senderosextremadura\/\"><img loading=\"lazy\" class=\"size-full wp-image-3023 aligncenter\" src=\"\/senderosextremadura\/wp-content\/uploads\/sites\/22\/2014\/12\/norman-krulls.jpg\" alt=\"\" width=\"373\" height=\"553\" srcset=\"https:\/\/static-blogs.hoy.es\/wp-content\/uploads\/sites\/22\/2014\/12\/norman-krulls.jpg 373w, https:\/\/static-blogs.hoy.es\/wp-content\/uploads\/sites\/22\/2014\/12\/norman-krulls-202x300.jpg 202w\" sizes=\"(max-width: 373px) 100vw, 373px\" \/><\/a><\/p>\n<p>&nbsp;<\/p>\n<p>&nbsp;<\/p>\n<!-- AddThis Advanced Settings generic via filter on the_content --><!-- AddThis Share Buttons generic via filter on the_content -->","protected":false},"excerpt":{"rendered":"<p>Una mansi\u00f3n centenaria, un laboratorio misterioso con p\u00f3cimas m\u00e1gicas y m\u00e1s de mil ni\u00f1os, grandes y peque\u00f1os, con la ilusi\u00f3n de descubrir la leyenda de Norman y los Krulls. Ni la lluvia, ni el fr\u00edo consiguieron vencer a las ganas de caminar y vivir este d\u00eda junto a los Prisi\u00f1as, que una vez m\u00e1s hicieron [&hellip;]<!-- AddThis Advanced Settings generic via filter on get_the_excerpt --><!-- AddThis Share Buttons generic via filter on get_the_excerpt --><\/p>\n","protected":false},"author":27,"featured_media":0,"comment_status":"open","ping_status":"closed","sticky":false,"template":"","format":"standard","meta":[],"categories":[4],"tags":[],"_links":{"self":[{"href":"https:\/\/blogs.hoy.es\/senderosextremadura\/wp-json\/wp\/v2\/posts\/3019"}],"collection":[{"href":"https:\/\/blogs.hoy.es\/senderosextremadura\/wp-json\/wp\/v2\/posts"}],"about":[{"href":"https:\/\/blogs.hoy.es\/senderosextremadura\/wp-json\/wp\/v2\/types\/post"}],"author":[{"embeddable":true,"href":"https:\/\/blogs.hoy.es\/senderosextremadura\/wp-json\/wp\/v2\/users\/27"}],"replies":[{"embeddable":true,"href":"https:\/\/blogs.hoy.es\/senderosextremadura\/wp-json\/wp\/v2\/comments?post=3019"}],"version-history":[{"count":0,"href":"https:\/\/blogs.hoy.es\/senderosextremadura\/wp-json\/wp\/v2\/posts\/3019\/revisions"}],"wp:attachment":[{"href":"https:\/\/blogs.hoy.es\/senderosextremadura\/wp-json\/wp\/v2\/media?parent=3019"}],"wp:term":[{"taxonomy":"category","embeddable":true,"href":"https:\/\/blogs.hoy.es\/senderosextremadura\/wp-json\/wp\/v2\/categories?post=3019"},{"taxonomy":"post_tag","embeddable":true,"href":"https:\/\/blogs.hoy.es\/senderosextremadura\/wp-json\/wp\/v2\/tags?post=3019"}],"curies":[{"name":"wp","href":"https:\/\/api.w.org\/{rel}","templated":true}]}}