{"id":3024,"date":"2014-12-29T20:23:52","date_gmt":"2014-12-29T20:23:52","guid":{"rendered":"http:\/\/blogs.hoy.es\/senderosextremadura\/?p=3024"},"modified":"2014-12-29T20:23:52","modified_gmt":"2014-12-29T20:23:52","slug":"los-senderistas-de-merida-iniciaran-2015-con-una-subida-al-castillo-de-alange","status":"publish","type":"post","link":"https:\/\/blogs.hoy.es\/senderosextremadura\/2014\/12\/29\/los-senderistas-de-merida-iniciaran-2015-con-una-subida-al-castillo-de-alange\/","title":{"rendered":"Los senderistas de M\u00e9rida iniciar\u00e1n 2015 con una subida al castillo de Alange"},"content":{"rendered":"<div id=\"attachment_3025\" style=\"width: 510px\" class=\"wp-caption aligncenter\"><a href=\"https:\/\/blogs.hoy.es\/senderosextremadura\/\"><img aria-describedby=\"caption-attachment-3025\" loading=\"lazy\" class=\"size-full wp-image-3025\" title=\"\" src=\"\/senderosextremadura\/wp-content\/uploads\/sites\/22\/2014\/12\/Alange-Web-2015.jpg\" alt=\"\" width=\"500\" height=\"282\" srcset=\"https:\/\/static-blogs.hoy.es\/wp-content\/uploads\/sites\/22\/2014\/12\/Alange-Web-2015.jpg 500w, https:\/\/static-blogs.hoy.es\/wp-content\/uploads\/sites\/22\/2014\/12\/Alange-Web-2015-300x169.jpg 300w\" sizes=\"(max-width: 500px) 100vw, 500px\" \/><\/a><p id=\"caption-attachment-3025\" class=\"wp-caption-text\">Vistas del Castillo de Alange.<\/p><\/div>\n<p>El <a href=\"http:\/\/www.senderismoemeritaaugusta.com\/clubsenderismoemerita\/\/informacion%20rutas\/Alange%202015.html\" rel=\"external nofollow\"><strong>Club Senderista Em\u00e9rita Augusta<\/strong><\/a> de M\u00e9rida inicia su calendario 2015 con una ruta que resultar\u00e1 corta y sencilla para la mayor\u00eda de sus participantes. Una actividad que servir\u00e1 de reencuentro tras el par\u00f3n navide\u00f1o y quemar en parte los excesos gastron\u00f3micos. El domingo 11 de enero los senderistas se desplazar\u00e1n a la <strong>vecina localidad de Alange<\/strong> para realizar una marcha que incluye la subida al castillo de la Culebra. Atalaya desde la que se disfrutan preciosas vistas del embalse y los dos valles que rodean la localidad pacense. Se trata de una ruta circular por el municipio con un trayecto de unos nueve kil\u00f3metros.<\/p>\n<p>Si quieres participar contacta con el club <a href=\"http:\/\/www.senderismoemeritaaugusta.com\/\" rel=\"external nofollow\"><strong>a trav\u00e9s de su web<\/strong><\/a>.<\/p>\n<!-- AddThis Advanced Settings generic via filter on the_content --><!-- AddThis Share Buttons generic via filter on the_content -->","protected":false},"excerpt":{"rendered":"<p>El Club Senderista Em\u00e9rita Augusta de M\u00e9rida inicia su calendario 2015 con una ruta que resultar\u00e1 corta y sencilla para la mayor\u00eda de sus participantes. Una actividad que servir\u00e1 de reencuentro tras el par\u00f3n navide\u00f1o y quemar en parte los excesos gastron\u00f3micos. El domingo 11 de enero los senderistas se desplazar\u00e1n a la vecina localidad [&hellip;]<!-- AddThis Advanced Settings generic via filter on get_the_excerpt --><!-- AddThis Share Buttons generic via filter on get_the_excerpt --><\/p>\n","protected":false},"author":27,"featured_media":0,"comment_status":"open","ping_status":"closed","sticky":false,"template":"","format":"standard","meta":[],"categories":[4],"tags":[20,804,817,873],"_links":{"self":[{"href":"https:\/\/blogs.hoy.es\/senderosextremadura\/wp-json\/wp\/v2\/posts\/3024"}],"collection":[{"href":"https:\/\/blogs.hoy.es\/senderosextremadura\/wp-json\/wp\/v2\/posts"}],"about":[{"href":"https:\/\/blogs.hoy.es\/senderosextremadura\/wp-json\/wp\/v2\/types\/post"}],"author":[{"embeddable":true,"href":"https:\/\/blogs.hoy.es\/senderosextremadura\/wp-json\/wp\/v2\/users\/27"}],"replies":[{"embeddable":true,"href":"https:\/\/blogs.hoy.es\/senderosextremadura\/wp-json\/wp\/v2\/comments?post=3024"}],"version-history":[{"count":0,"href":"https:\/\/blogs.hoy.es\/senderosextremadura\/wp-json\/wp\/v2\/posts\/3024\/revisions"}],"wp:attachment":[{"href":"https:\/\/blogs.hoy.es\/senderosextremadura\/wp-json\/wp\/v2\/media?parent=3024"}],"wp:term":[{"taxonomy":"category","embeddable":true,"href":"https:\/\/blogs.hoy.es\/senderosextremadura\/wp-json\/wp\/v2\/categories?post=3024"},{"taxonomy":"post_tag","embeddable":true,"href":"https:\/\/blogs.hoy.es\/senderosextremadura\/wp-json\/wp\/v2\/tags?post=3024"}],"curies":[{"name":"wp","href":"https:\/\/api.w.org\/{rel}","templated":true}]}}