{"id":3030,"date":"2015-01-03T11:31:31","date_gmt":"2015-01-03T11:31:31","guid":{"rendered":"http:\/\/blogs.hoy.es\/senderosextremadura\/?p=3030"},"modified":"2015-01-03T11:31:31","modified_gmt":"2015-01-03T11:31:31","slug":"el-circuito-camina-extremadura-programa-16-rutas-por-la-region-este-ano","status":"publish","type":"post","link":"https:\/\/blogs.hoy.es\/senderosextremadura\/2015\/01\/03\/el-circuito-camina-extremadura-programa-16-rutas-por-la-region-este-ano\/","title":{"rendered":"El Circuito Camina Extremadura programa 16 rutas por la regi\u00f3n este a\u00f1o"},"content":{"rendered":"<p>&nbsp;<\/p>\n<div id=\"attachment_3032\" style=\"width: 526px\" class=\"wp-caption aligncenter\"><a href=\"https:\/\/blogs.hoy.es\/senderosextremadura\/\"><img aria-describedby=\"caption-attachment-3032\" loading=\"lazy\" class=\" wp-image-3032\" title=\"\" src=\"\/senderosextremadura\/wp-content\/uploads\/sites\/22\/2015\/01\/encina-terrona.jpg\" alt=\"\" width=\"516\" height=\"294\" \/><\/a><p id=\"caption-attachment-3032\" class=\"wp-caption-text\">Una de las rutas se realizar\u00e1 en Zarza de Mont\u00e1nchez, cuna de la encian Terrona:: HOY<\/p><\/div>\n<p>Extremadura se pone en marcha. 16 rutas senderistas conforman este a\u00f1o el <strong>Circuito Camina Extremadura<\/strong>, organizado por la Federaci\u00f3n Extreme\u00f1a de Monta\u00f1a y Escalada (FEXME) y la Direcci\u00f3n General de Deportes de la Junta.<br \/>\nEn esta ocasi\u00f3n el inter\u00e9s de clubes y municipios por organizar alguna marcha del circuito ha sido muy alto, seg\u00fan reconoce la organizaci\u00f3n.<!--more--><br \/>\nTras la baremaci\u00f3n de las mismas, se han elegido las pruebas que presentan una mayor calidad organizativa y preferentemente aquellas que se desarrollan por <strong>senderos homologados<\/strong>.<\/p>\n<p>El calendario programado arrancar\u00e1 el pr\u00f3ximo 25 de enero con la <a href=\"http:\/\/www.hoy.es\/multimedia\/fotos\/merida\/113980-ruta-senderista-patrimonio-historico-merida-0.html\" target=\"_blank\" rel=\"external nofollow\"><strong>V Ruta Monumental Senderista Octavio Augusto<\/strong><\/a>, en M\u00e9rida, y culminar\u00e1 el 27 de diciembre con la <strong>VIII Ruta de los doce Ap\u00f3stoles<\/strong>,\u00a0 que recientemente se celebr\u00f3 en Salvale\u00f3n.<\/p>\n<p>&nbsp;<\/p>\n<p><strong>CALENDARIO DE RUTAS<\/strong><\/p>\n<p><strong><a href=\"http:\/\/www.hoy.es\/extremadura\/201501\/03\/circuito-camina-extremadura-arranca-20150103131033.html\" target=\"_blank\" rel=\"external nofollow\">1\u00ba V Ruta Monumental Senderista Octavio Augusto. M\u00e9rida. 25 de enero<\/a><\/strong><\/p>\n<p><strong>2\u00ba<a href=\"https:\/\/blogs.hoy.es\/senderosextremadura\/2015\/01\/12\/la-segunda-ruta-de-camina-extremadura-sera-el-1-de-febrero-en-las-hurdes\/\" target=\"_blank\"> III Traves\u00eda por el Valle del Esperab\u00e1n. Pinofranqueado. 1 de febrero<\/a><\/strong><\/p>\n<p><strong><a href=\"http:\/\/blogs.hoy.es\/\u2026\/la-caminata-por-el-bosque-de-garciaz\u2026\/\" target=\"_blank\">3\u00ba II Ruta entre Sierras, Robles y Casta\u00f1os. Garciaz. 22 de febrero<\/a><\/strong><\/p>\n<p><strong><a href=\"https:\/\/blogs.hoy.es\/senderosextremadura\/2015\/02\/11\/marzo-arrancara-con-la-xi-ruta-penas-blancas\/\" target=\"_blank\">4\u00ba XI Ruta Senderista Pe\u00f1as Blancas. La Zarza. 1 de marzo<\/a><\/strong><\/p>\n<p><strong>5\u00ba <\/strong>II Ruta de los Tartesos. Zalamea de la Serena. <strong>15 de Marzo<\/strong><\/p>\n<p><strong>6\u00ba <a href=\"https:\/\/blogs.hoy.es\/senderosextremadura\/2015\/02\/11\/guadiana-del-caudillo-se-estrena-en-camina-extremadura-el-22-de-marzo\/\" target=\"_blank\">Ruta Charca Piedehierro. Guadiana del Caudillo. 22 de marzo<\/a><\/strong><\/p>\n<p><strong>7\u00ba\u00a0<\/strong> Sendero La Terrona. Zarza de Mont\u00e1nchez. <strong>4 de abril<\/strong><\/p>\n<p><strong>8\u00ba\u00a0<\/strong> XVII Ruta Transfrontera. Valencia de Alc\u00e1ntara. <strong>5 de abril<\/strong><\/p>\n<p><strong>9\u00ba <\/strong>V Subida a la Sierra de Alor. San Jorge de Alor. <strong>12 de abril<\/strong><\/p>\n<p><strong>10\u00ba<\/strong> V Ruta de Alfonso Onceno. Navezuelas-Guadalupe. <strong>19 de abril<\/strong><\/p>\n<p><strong>11\u00ba<\/strong> VII Ruta Templaria. Jerez de los Caballeros. <strong>1 de mayo<\/strong><\/p>\n<p><strong>12\u00ba <\/strong>VI Ruta del Contrabando Transfronteriza. Zarza la Mayor. <strong>10 de mayo<\/strong><\/p>\n<p><a href=\"https:\/\/blogs.hoy.es\/senderosextremadura\/2015\/06\/15\/alange-acoge-el-4-de-julio-su-v-ruta-norturna-luna-marinera\/\" target=\"_blank\"><strong>13\u00ba<\/strong> V Ruta de Senderismo Nocturna &#8220;Luna Marinera&#8221;. Alange. <strong>4 de julio<\/strong><\/a><\/p>\n<p><strong>14\u00ba<\/strong> V Ruta Nocturna Villa de Trasierra. Trasierra. <strong>29 de agosto<\/strong><\/p>\n<p><strong>15\u00ba\u00a0<\/strong> XVII Marcha Senderista &#8220;Bosques del Ambroz&#8221;. La Garganta-S. de Toro.<strong> 22 de noviembre<\/strong><\/p>\n<p><strong>16\u00ba <\/strong>VIII Ruta de los Doce Ap\u00f3stoles. Salvale\u00f3n. <strong>27 de diciembre<\/strong><\/p>\n<!-- AddThis Advanced Settings generic via filter on the_content --><!-- AddThis Share Buttons generic via filter on the_content -->","protected":false},"excerpt":{"rendered":"<p>&nbsp; Extremadura se pone en marcha. 16 rutas senderistas conforman este a\u00f1o el Circuito Camina Extremadura, organizado por la Federaci\u00f3n Extreme\u00f1a de Monta\u00f1a y Escalada (FEXME) y la Direcci\u00f3n General de Deportes de la Junta. En esta ocasi\u00f3n el inter\u00e9s de clubes y municipios por organizar alguna marcha del circuito ha sido muy alto, seg\u00fan [&hellip;]<!-- AddThis Advanced Settings generic via filter on get_the_excerpt --><!-- AddThis Share Buttons generic via filter on get_the_excerpt --><\/p>\n","protected":false},"author":27,"featured_media":0,"comment_status":"open","ping_status":"closed","sticky":false,"template":"","format":"standard","meta":[],"categories":[4],"tags":[817,821,836,906,1035],"_links":{"self":[{"href":"https:\/\/blogs.hoy.es\/senderosextremadura\/wp-json\/wp\/v2\/posts\/3030"}],"collection":[{"href":"https:\/\/blogs.hoy.es\/senderosextremadura\/wp-json\/wp\/v2\/posts"}],"about":[{"href":"https:\/\/blogs.hoy.es\/senderosextremadura\/wp-json\/wp\/v2\/types\/post"}],"author":[{"embeddable":true,"href":"https:\/\/blogs.hoy.es\/senderosextremadura\/wp-json\/wp\/v2\/users\/27"}],"replies":[{"embeddable":true,"href":"https:\/\/blogs.hoy.es\/senderosextremadura\/wp-json\/wp\/v2\/comments?post=3030"}],"version-history":[{"count":0,"href":"https:\/\/blogs.hoy.es\/senderosextremadura\/wp-json\/wp\/v2\/posts\/3030\/revisions"}],"wp:attachment":[{"href":"https:\/\/blogs.hoy.es\/senderosextremadura\/wp-json\/wp\/v2\/media?parent=3030"}],"wp:term":[{"taxonomy":"category","embeddable":true,"href":"https:\/\/blogs.hoy.es\/senderosextremadura\/wp-json\/wp\/v2\/categories?post=3030"},{"taxonomy":"post_tag","embeddable":true,"href":"https:\/\/blogs.hoy.es\/senderosextremadura\/wp-json\/wp\/v2\/tags?post=3030"}],"curies":[{"name":"wp","href":"https:\/\/api.w.org\/{rel}","templated":true}]}}