{"id":3033,"date":"2015-01-06T18:59:59","date_gmt":"2015-01-06T18:59:59","guid":{"rendered":"http:\/\/blogs.hoy.es\/senderosextremadura\/?p=3033"},"modified":"2015-01-06T18:59:59","modified_gmt":"2015-01-06T18:59:59","slug":"una-marcha-para-patear-la-merida-mas-monumental-25-de-enero","status":"publish","type":"post","link":"https:\/\/blogs.hoy.es\/senderosextremadura\/2015\/01\/06\/una-marcha-para-patear-la-merida-mas-monumental-25-de-enero\/","title":{"rendered":"Una marcha para patear la M\u00e9rida m\u00e1s monumental (25 de enero)"},"content":{"rendered":"<div id=\"attachment_3036\" style=\"width: 410px\" class=\"wp-caption aligncenter\"><a href=\"https:\/\/blogs.hoy.es\/senderosextremadura\/\"><img aria-describedby=\"caption-attachment-3036\" loading=\"lazy\" class=\"size-full wp-image-3036\" title=\"\" src=\"\/senderosextremadura\/wp-content\/uploads\/sites\/22\/2015\/01\/MERIDA-IV-ruta-Octavio-Augusto-2014-WEB1.jpg\" alt=\"\" width=\"400\" height=\"267\" srcset=\"https:\/\/static-blogs.hoy.es\/wp-content\/uploads\/sites\/22\/2015\/01\/MERIDA-IV-ruta-Octavio-Augusto-2014-WEB1.jpg 400w, https:\/\/static-blogs.hoy.es\/wp-content\/uploads\/sites\/22\/2015\/01\/MERIDA-IV-ruta-Octavio-Augusto-2014-WEB1-300x200.jpg 300w\" sizes=\"(max-width: 400px) 100vw, 400px\" \/><\/a><p id=\"caption-attachment-3036\" class=\"wp-caption-text\">Senderistas en el Puente Romano de M\u00e9rida.<\/p><\/div>\n<p>No es habitual que una ruta senderista se celebre en un entorno urbano. Por lo que el pr\u00f3ximo 25 de enero los amantes de este deporte tienen una oportunidad \u00fanica para patear sobre el asfalto y los adoquines de la M\u00e9rida m\u00e1s monumental. La ciudad acoge la primera marcha del <a href=\"https:\/\/blogs.hoy.es\/senderosextremadura\/2015\/01\/03\/el-circuito-camina-extremadura-programa-16-rutas-por-la-region-este-ano\/\" target=\"_blank\"><strong>Circuito Camina Extremadura 2015<\/strong><\/a>. La Ruta Octavio Augusto arrancar\u00e1 a las nueve de la ma\u00f1ana\u00a0 en el Albergue El Prado. Se trata de una marcha circular de unos 16,8 kil\u00f3metros, de dificultad baja.<br \/>\n<!--more-->La marcha combina el entorno natural de los r\u00edos Guadiana y Albarregas, convertidos en pulm\u00f3n de la ciudad,\u00a0 con la monumentalidad de una ciudad con m\u00e1s de 2.000 a\u00f1os de historia.<\/p>\n<p>Las inscripciones tienen un precio de tres euros para federados y de cinco\u00a0 para no federados. Los interesados pueden inscribirse hasta el 22 de enero,\u00a0 a trav\u00e9s del <a href=\"http:\/\/www.senderismoemeritaaugusta.com\/clubsenderismoemerita\/\/informacion%20rutas\/V%20Ruta%20Monumental%20Senderista%20Octavio%20Augusto.html\" target=\"_blank\" rel=\"external nofollow\"><strong>siguiente formulario<\/strong><\/a> . Hay 500 plazas disponibles.<\/p>\n<p>La quinta edici\u00f3n de esta actividad est\u00e1 organizada por el club de senderismo Em\u00e9rita Augusta y con el patrocinio de la Direcci\u00f3n General de Deportes del Gobierno de Extremadura, la Federaci\u00f3n Extreme\u00f1a de Monta\u00f1a y Escalada&#8221; (FEXME),\u00a0 el Ayuntamiento de M\u00e9rida, el Consorcio de la Ciudad Monumental de M\u00e9rida, Organics,\u00a0 y otras institucicones.<\/p>\n<!-- AddThis Advanced Settings generic via filter on the_content --><!-- AddThis Share Buttons generic via filter on the_content -->","protected":false},"excerpt":{"rendered":"<p>No es habitual que una ruta senderista se celebre en un entorno urbano. Por lo que el pr\u00f3ximo 25 de enero los amantes de este deporte tienen una oportunidad \u00fanica para patear sobre el asfalto y los adoquines de la M\u00e9rida m\u00e1s monumental. La ciudad acoge la primera marcha del Circuito Camina Extremadura 2015. La [&hellip;]<!-- AddThis Advanced Settings generic via filter on get_the_excerpt --><!-- AddThis Share Buttons generic via filter on get_the_excerpt --><\/p>\n","protected":false},"author":27,"featured_media":0,"comment_status":"open","ping_status":"closed","sticky":false,"template":"","format":"standard","meta":[],"categories":[4],"tags":[],"_links":{"self":[{"href":"https:\/\/blogs.hoy.es\/senderosextremadura\/wp-json\/wp\/v2\/posts\/3033"}],"collection":[{"href":"https:\/\/blogs.hoy.es\/senderosextremadura\/wp-json\/wp\/v2\/posts"}],"about":[{"href":"https:\/\/blogs.hoy.es\/senderosextremadura\/wp-json\/wp\/v2\/types\/post"}],"author":[{"embeddable":true,"href":"https:\/\/blogs.hoy.es\/senderosextremadura\/wp-json\/wp\/v2\/users\/27"}],"replies":[{"embeddable":true,"href":"https:\/\/blogs.hoy.es\/senderosextremadura\/wp-json\/wp\/v2\/comments?post=3033"}],"version-history":[{"count":0,"href":"https:\/\/blogs.hoy.es\/senderosextremadura\/wp-json\/wp\/v2\/posts\/3033\/revisions"}],"wp:attachment":[{"href":"https:\/\/blogs.hoy.es\/senderosextremadura\/wp-json\/wp\/v2\/media?parent=3033"}],"wp:term":[{"taxonomy":"category","embeddable":true,"href":"https:\/\/blogs.hoy.es\/senderosextremadura\/wp-json\/wp\/v2\/categories?post=3033"},{"taxonomy":"post_tag","embeddable":true,"href":"https:\/\/blogs.hoy.es\/senderosextremadura\/wp-json\/wp\/v2\/tags?post=3033"}],"curies":[{"name":"wp","href":"https:\/\/api.w.org\/{rel}","templated":true}]}}