{"id":304,"date":"2012-03-30T21:19:54","date_gmt":"2012-03-30T21:19:54","guid":{"rendered":"http:\/\/blogs.hoy.es\/senderosextremadura\/?p=304"},"modified":"2012-03-30T21:19:54","modified_gmt":"2012-03-30T21:19:54","slug":"vii-ruta-del-cerezo-en-flor-por-la-ribera-del-jerte-1-de-abril","status":"publish","type":"post","link":"https:\/\/blogs.hoy.es\/senderosextremadura\/2012\/03\/30\/vii-ruta-del-cerezo-en-flor-por-la-ribera-del-jerte-1-de-abril\/","title":{"rendered":"VII Ruta del Cerezo en Flor por la Rivera del Jerte (1 de abril)"},"content":{"rendered":"<p><a href=\"\/senderosextremadura\/wp-content\/uploads\/sites\/22\/2012\/03\/erezos.jpg\"><img loading=\"lazy\" class=\"alignright size-full wp-image-306\" title=\"erezos\" src=\"\/senderosextremadura\/wp-content\/uploads\/sites\/22\/2012\/03\/erezos.jpg\" alt=\"\" width=\"420\" height=\"294\" srcset=\"https:\/\/static-blogs.hoy.es\/wp-content\/uploads\/sites\/22\/2012\/03\/erezos.jpg 1000w, https:\/\/static-blogs.hoy.es\/wp-content\/uploads\/sites\/22\/2012\/03\/erezos-300x210.jpg 300w, https:\/\/static-blogs.hoy.es\/wp-content\/uploads\/sites\/22\/2012\/03\/erezos-768x538.jpg 768w, https:\/\/static-blogs.hoy.es\/wp-content\/uploads\/sites\/22\/2012\/03\/erezos-600x420.jpg 600w\" sizes=\"(max-width: 420px) 100vw, 420px\" \/><\/a>La <strong>Asociaci\u00f3n Andares<\/strong> llevar\u00e1 a cabo este domingo 1 de abril su <strong>VII Edici\u00f3n de la Ruta del Cerezo en Flor<\/strong>. La ruta elegida para este a\u00f1o es por el GR 110 Etapa 1. (Recorrido inverso) Carretera del Torno a <strong>Cabezuela del Valle<\/strong> por la rivera del r\u00edo Jerte.<\/p>\n<p>La ruta comenzar\u00e1 en la carretera del Torno a la altura del r\u00edo Jerte entre olivos y cerezos para despu\u00e9s dar paso a una zona de prados y robles. Caminando por la falda de la sierra se llegar\u00e1 al arroyo de las Anzuelas. \u00a0Un poco m\u00e1s adelante se llega a la<strong> carretera de Rebollar<\/strong> donde hay una zona de bungalows y restaurante en la orilla de r\u00edo.<\/p>\n<p>El recorrido nos lleva hasta el arroyo de San Pedro y luego se pasar\u00e1 por \u00a0una alameda en la Vega de los Sotos. Luego por una zona asfaltada los participantes caminaran entre cerezos que ofrecer\u00e1n una visi\u00f3n espectacular de su floraci\u00f3n. Luego el GR 110 llegar\u00e1 a compartir una parte de su recorrido con el PR-CC 15 (Camino Real de <strong>Navaconcejo a Piornal<\/strong>). Ahora se atraviesa Navaconcejo y por la Calle Real se llega hasta la plaza que tiene el crucero.<\/p>\n<p>Luego hay que cruzar un puente a la izquierda atravesando la <strong>Garganta de las Nogaledas<\/strong> para iniciar el \u00faltimo tramo de la ruta que nos llevar\u00e1 hasta juntarnos en su etapa final con el SL-CC 22 (Ruta del Convento) y llegar por la margen izquierda del r\u00edo hasta Cabezuela a la altura del puente de la carretera N-110.<\/p>\n<p>&nbsp;<\/p>\n<p><strong>Kil\u00f3metros: 17,9 &#8211; Dificultad: Media &#8211; Duraci\u00f3n: 4:25 horas &#8211; Lineal<\/strong><\/p>\n<p><a href=\"mailto:asociacionandares@hotmail.com\"><strong>asociacionandares@hotmail.com<\/strong><\/a><\/p>\n<!-- AddThis Advanced Settings generic via filter on the_content --><!-- AddThis Share Buttons generic via filter on the_content -->","protected":false},"excerpt":{"rendered":"<p>La Asociaci\u00f3n Andares llevar\u00e1 a cabo este domingo 1 de abril su VII Edici\u00f3n de la Ruta del Cerezo en Flor. La ruta elegida para este a\u00f1o es por el GR 110 Etapa 1. (Recorrido inverso) Carretera del Torno a Cabezuela del Valle por la rivera del r\u00edo Jerte. La ruta comenzar\u00e1 en la carretera [&hellip;]<!-- AddThis Advanced Settings generic via filter on get_the_excerpt --><!-- AddThis Share Buttons generic via filter on get_the_excerpt --><\/p>\n","protected":false},"author":27,"featured_media":0,"comment_status":"open","ping_status":"closed","sticky":false,"template":"","format":"standard","meta":[],"categories":[4],"tags":[],"_links":{"self":[{"href":"https:\/\/blogs.hoy.es\/senderosextremadura\/wp-json\/wp\/v2\/posts\/304"}],"collection":[{"href":"https:\/\/blogs.hoy.es\/senderosextremadura\/wp-json\/wp\/v2\/posts"}],"about":[{"href":"https:\/\/blogs.hoy.es\/senderosextremadura\/wp-json\/wp\/v2\/types\/post"}],"author":[{"embeddable":true,"href":"https:\/\/blogs.hoy.es\/senderosextremadura\/wp-json\/wp\/v2\/users\/27"}],"replies":[{"embeddable":true,"href":"https:\/\/blogs.hoy.es\/senderosextremadura\/wp-json\/wp\/v2\/comments?post=304"}],"version-history":[{"count":0,"href":"https:\/\/blogs.hoy.es\/senderosextremadura\/wp-json\/wp\/v2\/posts\/304\/revisions"}],"wp:attachment":[{"href":"https:\/\/blogs.hoy.es\/senderosextremadura\/wp-json\/wp\/v2\/media?parent=304"}],"wp:term":[{"taxonomy":"category","embeddable":true,"href":"https:\/\/blogs.hoy.es\/senderosextremadura\/wp-json\/wp\/v2\/categories?post=304"},{"taxonomy":"post_tag","embeddable":true,"href":"https:\/\/blogs.hoy.es\/senderosextremadura\/wp-json\/wp\/v2\/tags?post=304"}],"curies":[{"name":"wp","href":"https:\/\/api.w.org\/{rel}","templated":true}]}}