{"id":3041,"date":"2015-01-09T20:47:36","date_gmt":"2015-01-09T20:47:36","guid":{"rendered":"http:\/\/blogs.hoy.es\/senderosextremadura\/?p=3041"},"modified":"2015-01-09T20:47:36","modified_gmt":"2015-01-09T20:47:36","slug":"las-botas-del-club-del-caminante-se-dirigen-este-domingo-a-elvas","status":"publish","type":"post","link":"https:\/\/blogs.hoy.es\/senderosextremadura\/2015\/01\/09\/las-botas-del-club-del-caminante-se-dirigen-este-domingo-a-elvas\/","title":{"rendered":"Las botas del Club del Caminante se dirigen este domingo a Elvas"},"content":{"rendered":"<p>Este domingo 11 de enero las botas del <strong><a href=\"http:\/\/clubcaminantebadajoz.es\/\" target=\"_blank\" rel=\"external nofollow\">Club del Caminante de Badajo<\/a>z<\/strong> se dirigen a la vecina localidad de Elvas. Se trata de una marcha cl\u00e1sica de inicio de la temporata. Tiene 17 kil\u00f3metros de trayecto y la dificultad es baja. Los participantes emprender\u00e1n la caminata a las ocho y media de la ma\u00f1ana, desde el ancla de Santa Marina. La inscripci\u00f3n ser\u00e1 obligatoria para aquellos caminantes que deseen volver en autob\u00fas y comer en el restaurante elvense Adega Regional.<!--more--><\/p>\n<p>&nbsp;<\/p>\n<p><a href=\"https:\/\/blogs.hoy.es\/senderosextremadura\/\"><img loading=\"lazy\" class=\"aligncenter size-large wp-image-3042\" title=\"\" src=\"\/senderosextremadura\/wp-content\/uploads\/sites\/22\/2015\/01\/elvas.jpg\" alt=\"\" width=\"600\" height=\"450\" srcset=\"https:\/\/static-blogs.hoy.es\/wp-content\/uploads\/sites\/22\/2015\/01\/elvas.jpg 960w, https:\/\/static-blogs.hoy.es\/wp-content\/uploads\/sites\/22\/2015\/01\/elvas-300x225.jpg 300w, https:\/\/static-blogs.hoy.es\/wp-content\/uploads\/sites\/22\/2015\/01\/elvas-768x576.jpg 768w, https:\/\/static-blogs.hoy.es\/wp-content\/uploads\/sites\/22\/2015\/01\/elvas-600x450.jpg 600w\" sizes=\"(max-width: 600px) 100vw, 600px\" \/><\/a><\/p>\n<!-- AddThis Advanced Settings generic via filter on the_content --><!-- AddThis Share Buttons generic via filter on the_content -->","protected":false},"excerpt":{"rendered":"<p>Este domingo 11 de enero las botas del Club del Caminante de Badajoz se dirigen a la vecina localidad de Elvas. Se trata de una marcha cl\u00e1sica de inicio de la temporata. Tiene 17 kil\u00f3metros de trayecto y la dificultad es baja. Los participantes emprender\u00e1n la caminata a las ocho y media de la ma\u00f1ana, [&hellip;]<!-- AddThis Advanced Settings generic via filter on get_the_excerpt --><!-- AddThis Share Buttons generic via filter on get_the_excerpt --><\/p>\n","protected":false},"author":27,"featured_media":0,"comment_status":"open","ping_status":"closed","sticky":false,"template":"","format":"standard","meta":[],"categories":[4],"tags":[],"_links":{"self":[{"href":"https:\/\/blogs.hoy.es\/senderosextremadura\/wp-json\/wp\/v2\/posts\/3041"}],"collection":[{"href":"https:\/\/blogs.hoy.es\/senderosextremadura\/wp-json\/wp\/v2\/posts"}],"about":[{"href":"https:\/\/blogs.hoy.es\/senderosextremadura\/wp-json\/wp\/v2\/types\/post"}],"author":[{"embeddable":true,"href":"https:\/\/blogs.hoy.es\/senderosextremadura\/wp-json\/wp\/v2\/users\/27"}],"replies":[{"embeddable":true,"href":"https:\/\/blogs.hoy.es\/senderosextremadura\/wp-json\/wp\/v2\/comments?post=3041"}],"version-history":[{"count":0,"href":"https:\/\/blogs.hoy.es\/senderosextremadura\/wp-json\/wp\/v2\/posts\/3041\/revisions"}],"wp:attachment":[{"href":"https:\/\/blogs.hoy.es\/senderosextremadura\/wp-json\/wp\/v2\/media?parent=3041"}],"wp:term":[{"taxonomy":"category","embeddable":true,"href":"https:\/\/blogs.hoy.es\/senderosextremadura\/wp-json\/wp\/v2\/categories?post=3041"},{"taxonomy":"post_tag","embeddable":true,"href":"https:\/\/blogs.hoy.es\/senderosextremadura\/wp-json\/wp\/v2\/tags?post=3041"}],"curies":[{"name":"wp","href":"https:\/\/api.w.org\/{rel}","templated":true}]}}