{"id":3044,"date":"2015-01-09T21:12:59","date_gmt":"2015-01-09T21:12:59","guid":{"rendered":"http:\/\/blogs.hoy.es\/senderosextremadura\/?p=3044"},"modified":"2015-01-09T21:12:59","modified_gmt":"2015-01-09T21:12:59","slug":"zalamea-prepara-su-ruta-de-los-tartesos-11-de-enero","status":"publish","type":"post","link":"https:\/\/blogs.hoy.es\/senderosextremadura\/2015\/01\/09\/zalamea-prepara-su-ruta-de-los-tartesos-11-de-enero\/","title":{"rendered":"Zalamea prepara su Ruta de los Tartesos (11 de enero)"},"content":{"rendered":"<p>El club senderista Arsa-Zalamea estrena este domingo 11 de enero su calendario de 2015. Lo har\u00e1 con la Ruta de los Tartesos. La versi\u00f3n corta tiene 8 kil\u00f3metros. Los caminantes comenzar\u00e1n a andar a las diez de la ma\u00f1ana desde &#8216;el tablao&#8217;.<\/p>\n<p>&nbsp;<\/p>\n<p><a href=\"https:\/\/blogs.hoy.es\/senderosextremadura\/2015\/01\/09\/zalamea-prepara-su-ruta-de-los-tartesos-11-de-enero\/arsa\/\" rel=\"attachment wp-att-3045\"><img loading=\"lazy\" class=\"aligncenter size-full wp-image-3045\" title=\"\" src=\"\/senderosextremadura\/wp-content\/uploads\/sites\/22\/2015\/01\/arsa.jpg\" alt=\"\" width=\"279\" height=\"395\" srcset=\"https:\/\/static-blogs.hoy.es\/wp-content\/uploads\/sites\/22\/2015\/01\/arsa.jpg 279w, https:\/\/static-blogs.hoy.es\/wp-content\/uploads\/sites\/22\/2015\/01\/arsa-212x300.jpg 212w\" sizes=\"(max-width: 279px) 100vw, 279px\" \/><\/a><\/p>\n<!-- AddThis Advanced Settings generic via filter on the_content --><!-- AddThis Share Buttons generic via filter on the_content -->","protected":false},"excerpt":{"rendered":"<p>El club senderista Arsa-Zalamea estrena este domingo 11 de enero su calendario de 2015. Lo har\u00e1 con la Ruta de los Tartesos. La versi\u00f3n corta tiene 8 kil\u00f3metros. Los caminantes comenzar\u00e1n a andar a las diez de la ma\u00f1ana desde &#8216;el tablao&#8217;. &nbsp;<!-- AddThis Advanced Settings generic via filter on get_the_excerpt --><!-- AddThis Share Buttons generic via filter on get_the_excerpt --><\/p>\n","protected":false},"author":27,"featured_media":0,"comment_status":"open","ping_status":"closed","sticky":false,"template":"","format":"standard","meta":[],"categories":[4],"tags":[66,805,808,836,915,944,1035],"_links":{"self":[{"href":"https:\/\/blogs.hoy.es\/senderosextremadura\/wp-json\/wp\/v2\/posts\/3044"}],"collection":[{"href":"https:\/\/blogs.hoy.es\/senderosextremadura\/wp-json\/wp\/v2\/posts"}],"about":[{"href":"https:\/\/blogs.hoy.es\/senderosextremadura\/wp-json\/wp\/v2\/types\/post"}],"author":[{"embeddable":true,"href":"https:\/\/blogs.hoy.es\/senderosextremadura\/wp-json\/wp\/v2\/users\/27"}],"replies":[{"embeddable":true,"href":"https:\/\/blogs.hoy.es\/senderosextremadura\/wp-json\/wp\/v2\/comments?post=3044"}],"version-history":[{"count":0,"href":"https:\/\/blogs.hoy.es\/senderosextremadura\/wp-json\/wp\/v2\/posts\/3044\/revisions"}],"wp:attachment":[{"href":"https:\/\/blogs.hoy.es\/senderosextremadura\/wp-json\/wp\/v2\/media?parent=3044"}],"wp:term":[{"taxonomy":"category","embeddable":true,"href":"https:\/\/blogs.hoy.es\/senderosextremadura\/wp-json\/wp\/v2\/categories?post=3044"},{"taxonomy":"post_tag","embeddable":true,"href":"https:\/\/blogs.hoy.es\/senderosextremadura\/wp-json\/wp\/v2\/tags?post=3044"}],"curies":[{"name":"wp","href":"https:\/\/api.w.org\/{rel}","templated":true}]}}