{"id":3050,"date":"2015-01-09T21:39:59","date_gmt":"2015-01-09T21:39:59","guid":{"rendered":"http:\/\/blogs.hoy.es\/senderosextremadura\/?p=3050"},"modified":"2015-01-09T21:39:59","modified_gmt":"2015-01-09T21:39:59","slug":"la-iv-ruta-solidaria-de-la-vereina-recorrera-la-via-de-la-plata-y-el-poblado-minero-de-caceres","status":"publish","type":"post","link":"https:\/\/blogs.hoy.es\/senderosextremadura\/2015\/01\/09\/la-iv-ruta-solidaria-de-la-vereina-recorrera-la-via-de-la-plata-y-el-poblado-minero-de-caceres\/","title":{"rendered":"La IV ruta solidaria de La Vere\u00edna recorrer\u00e1 la V\u00eda de la Plata y el poblado minero de C\u00e1ceres"},"content":{"rendered":"<p>La <strong>Vere\u00edna de C\u00e1ceres<\/strong> es sin duda el club senderista m\u00e1s solidario de Extremadura. Empieza el a\u00f1o como mejor sabe hacer. Caminando por una buena causa. para ello sus integrantes han programado para el 17 de enero la IV ruta ben\u00e9fica del club. En esta ocasi\u00f3n ser\u00e1 a favor del Banco de Alimentos de C\u00e1ceres. La marcha que proponen te llevar\u00e1 a recorrer la V\u00eda de la Plata y Aldea Moret, el poblado minero de C\u00e1ceres, reconocido como bien de inter\u00e9s cultural con categor\u00eda de lugar de inter\u00e9s etnol\u00f3gico.<!--more--><\/p>\n<p><strong>PROGRAMA DE LA JORNADA<\/strong><\/p>\n<p>\u2014 Desayuno a partir de las 9 de la ma\u00f1ana en El Montaito, enfrente del Hospital San Pedro de Alc\u00e1ntara.<\/p>\n<div>\n<p>\u2014 Inicio de la Ruta a las 10 de la ma\u00f1ana, desde el mismo sitio.<\/p>\n<p>\u2014 Recorrido: Ruta f\u00e1cil, preciosa y apta para toda la familia, de unos 12 kil\u00f3metros que te llevar\u00e1 a recorrer la V\u00eda de la Plata y el Poblado Minero de C\u00e1ceres para finalizar en el Banco de Alimentos.<\/p>\n<p>\u2014 Inscripciones: 6 euros a partir del lunes 5 de enero en Deportes Pelayo, Pulsaciones, Mostazo Intersport y en el Punto de Informaci\u00f3n del Centro Comercial Ruta de la Plata (a partir del d\u00eda 7).<\/p>\n<p>\u2014 Tambi\u00e9n puedes apuntarte v\u00eda online a trav\u00e9s de DEPORTICKET siguiendo este enlace:<\/p>\n<p><a href=\"http:\/\/l.facebook.com\/l.php?u=http%3A%2F%2Fwww.deporticket.com%2F&#038;h=rAQFQm_xR&#038;enc=AZNxmAQtFSA0yisJqUFnf3-R7ZVOe_hHPVwl7sj_Go-Jz7wg_GkTpSeETXk9d-7e2xZGvHFB8DI_43yaJQez4Tv9bZPvmBbRR-FsVaoONzh_gYH985RlanWjR8U7pO3YX5QOfgf6WSRRGQkT7tCiDNEi&#038;s=1\" rel=\"nofollow external\" target=\"_blank\">http:\/\/www.deporticket.com\/<\/a>\u2026\/1517-iv-ruta-solidaria-a-favor\u2026<\/p>\n<p>Si lo deseas, puedes realizar tu aportaci\u00f3n de fila cero en cualquier punto de inscripci\u00f3n o a trav\u00e9s del mismo enlace de deporticket.<\/p>\n<p>Los beneficios de la ruta ser\u00e1n donados \u00edntegramente al Banco de Alimentos de C\u00e1ceres.<\/p>\n<p><a href=\"https:\/\/blogs.hoy.es\/senderosextremadura\/2015\/01\/09\/la-iv-ruta-solidaria-de-la-vereina-recorrera-la-via-de-la-plata-y-el-poblado-minero-de-caceres\/vereina-2\/\" rel=\"attachment wp-att-3052\"><img loading=\"lazy\" class=\"aligncenter size-full wp-image-3052\" title=\"\" src=\"\/senderosextremadura\/wp-content\/uploads\/sites\/22\/2015\/01\/vereina.jpg\" alt=\"\" width=\"279\" height=\"395\" srcset=\"https:\/\/static-blogs.hoy.es\/wp-content\/uploads\/sites\/22\/2015\/01\/vereina.jpg 279w, https:\/\/static-blogs.hoy.es\/wp-content\/uploads\/sites\/22\/2015\/01\/vereina-212x300.jpg 212w\" sizes=\"(max-width: 279px) 100vw, 279px\" \/><\/a><\/p>\n<\/div>\n<!-- AddThis Advanced Settings generic via filter on the_content --><!-- AddThis Share Buttons generic via filter on the_content -->","protected":false},"excerpt":{"rendered":"<p>La Vere\u00edna de C\u00e1ceres es sin duda el club senderista m\u00e1s solidario de Extremadura. Empieza el a\u00f1o como mejor sabe hacer. Caminando por una buena causa. para ello sus integrantes han programado para el 17 de enero la IV ruta ben\u00e9fica del club. En esta ocasi\u00f3n ser\u00e1 a favor del Banco de Alimentos de C\u00e1ceres. [&hellip;]<!-- AddThis Advanced Settings generic via filter on get_the_excerpt --><!-- AddThis Share Buttons generic via filter on get_the_excerpt --><\/p>\n","protected":false},"author":27,"featured_media":0,"comment_status":"open","ping_status":"closed","sticky":false,"template":"","format":"standard","meta":[],"categories":[4],"tags":[],"_links":{"self":[{"href":"https:\/\/blogs.hoy.es\/senderosextremadura\/wp-json\/wp\/v2\/posts\/3050"}],"collection":[{"href":"https:\/\/blogs.hoy.es\/senderosextremadura\/wp-json\/wp\/v2\/posts"}],"about":[{"href":"https:\/\/blogs.hoy.es\/senderosextremadura\/wp-json\/wp\/v2\/types\/post"}],"author":[{"embeddable":true,"href":"https:\/\/blogs.hoy.es\/senderosextremadura\/wp-json\/wp\/v2\/users\/27"}],"replies":[{"embeddable":true,"href":"https:\/\/blogs.hoy.es\/senderosextremadura\/wp-json\/wp\/v2\/comments?post=3050"}],"version-history":[{"count":0,"href":"https:\/\/blogs.hoy.es\/senderosextremadura\/wp-json\/wp\/v2\/posts\/3050\/revisions"}],"wp:attachment":[{"href":"https:\/\/blogs.hoy.es\/senderosextremadura\/wp-json\/wp\/v2\/media?parent=3050"}],"wp:term":[{"taxonomy":"category","embeddable":true,"href":"https:\/\/blogs.hoy.es\/senderosextremadura\/wp-json\/wp\/v2\/categories?post=3050"},{"taxonomy":"post_tag","embeddable":true,"href":"https:\/\/blogs.hoy.es\/senderosextremadura\/wp-json\/wp\/v2\/tags?post=3050"}],"curies":[{"name":"wp","href":"https:\/\/api.w.org\/{rel}","templated":true}]}}