{"id":3054,"date":"2015-01-09T22:11:22","date_gmt":"2015-01-09T22:11:22","guid":{"rendered":"http:\/\/blogs.hoy.es\/senderosextremadura\/?p=3054"},"modified":"2015-01-09T22:11:22","modified_gmt":"2015-01-09T22:11:22","slug":"el-7-de-febrero-volvera-a-rememorarse-el-ultimo-viaje-de-carlos-v","status":"publish","type":"post","link":"https:\/\/blogs.hoy.es\/senderosextremadura\/2015\/01\/09\/el-7-de-febrero-volvera-a-rememorarse-el-ultimo-viaje-de-carlos-v\/","title":{"rendered":"El 7 de febrero volver\u00e1 a rememorarse el \u00faltimo viaje de Carlos V"},"content":{"rendered":"<section itemprop=\"articleBody\">\n<div id=\"ccronica\">\n<div id=\"attachment_3055\" style=\"width: 610px\" class=\"wp-caption aligncenter\"><a href=\"https:\/\/blogs.hoy.es\/senderosextremadura\/\"><img aria-describedby=\"caption-attachment-3055\" loading=\"lazy\" class=\"size-large wp-image-3055\" title=\"\" src=\"\/senderosextremadura\/wp-content\/uploads\/sites\/22\/2015\/01\/senderismo-carlosV.jpg\" alt=\"\" width=\"600\" height=\"399\" srcset=\"https:\/\/static-blogs.hoy.es\/wp-content\/uploads\/sites\/22\/2015\/01\/senderismo-carlosV.jpg 1000w, https:\/\/static-blogs.hoy.es\/wp-content\/uploads\/sites\/22\/2015\/01\/senderismo-carlosV-300x200.jpg 300w, https:\/\/static-blogs.hoy.es\/wp-content\/uploads\/sites\/22\/2015\/01\/senderismo-carlosV-768x511.jpg 768w, https:\/\/static-blogs.hoy.es\/wp-content\/uploads\/sites\/22\/2015\/01\/senderismo-carlosV-600x400.jpg 600w\" sizes=\"(max-width: 600px) 100vw, 600px\" \/><\/a><p id=\"caption-attachment-3055\" class=\"wp-caption-text\">Participantes en una pasada edici\u00f3n de la Ruta de Carlos V:: HOY<\/p><\/div>\n<p>La decimosexta edici\u00f3n de la <strong>&#8216;Ruta del Emperador&#8217;<\/strong> se celebrar\u00e1 el 7 de febrero. La marcha senderista recrea el \u00faltimo viaje que realiz\u00f3 el emperador Carlos V el 3 de febrero de 1557 desde el castillo de los condes de Oropesa, de Jarandilla de la Vera, hasta el Real Monasterio de Yuste, tendr\u00e1 lugar el 7 de febrero.<!--more--><\/p>\n<p>Esta actividad, declarada de Inter\u00e9s Tur\u00edstico Regional, est\u00e1 organizada por la Mancomunidad de La Vera en colaboraci\u00f3n con los ayuntamientos y asociaciones de la comarca, el Ministerio de Medio Ambiente, la Junta de Extremadura, la Diputaci\u00f3n de C\u00e1ceres, Patrimonio Nacional y la Fundaci\u00f3n Academia Europea de Yuste, entre otras instituciones y colectivos.<\/p>\n<p>Este a\u00f1o, las celebraciones en el marco de la Ruta del Emperador, que cuenta con miles de seguidores llegados de toda Espa\u00f1a (el a\u00f1o pasado reuni\u00f3 a m\u00e1s de 5.000 personas), se llevar\u00e1n a cabo durante dos fines de semana mediante la realizaci\u00f3n de distintas actividades con las que se pretende poner en valor la belleza natural, patrimonial y cultural de esta zona cacere\u00f1a.<\/p>\n<p>La Ruta del Emperador, que recorre alrededor de 10 kil\u00f3metros, comenzar\u00e1 en Jarandilla de la Vera con la recepci\u00f3n de los participantes para, posteriormente, emprender el recorrido por el antiguo camino real, seg\u00fan ha confirmado hoy a Efe la Mancomunidad de la Vera.<\/p>\n<p>Los senderistas har\u00e1n un alto en el camino al llegar a Aldeanueva de la Vera, despu\u00e9s seguir\u00e1n la marcha hasta llegar a Cuacos de Yuste y posteriormente, la comitiva se desplazar\u00e1 hasta el Real Monasterio de Yuste.<\/p>\n<p>La programaci\u00f3n del s\u00e1bado 7 de febrero se ver\u00e1 complementada el s\u00e1bado posterior, d\u00eda 14, con la celebraci\u00f3n de la XIII Ruta del Emperador Ecuestre y varios actos culturales y musicales en las localidades de Jarandilla, Cuacos de Yuste y Aldeanueva de la Vera.<\/p>\n<p><a href=\"http:\/\/www.hoy.es\/multimedia\/fotos\/regional\/20140202\/personas-rememoran-ultimo-viaje-3072212278344-mm.html\" target=\"_blank\" rel=\"external nofollow\"><strong>FOTOS: Fotogaler\u00eda de la Ruta del Emperador Carlos V<\/strong><\/a><\/p>\n<p>Fuente: EFE<\/p>\n<\/div>\n<\/section>\n<!-- AddThis Advanced Settings generic via filter on the_content --><!-- AddThis Share Buttons generic via filter on the_content -->","protected":false},"excerpt":{"rendered":"<p>La decimosexta edici\u00f3n de la &#8216;Ruta del Emperador&#8217; se celebrar\u00e1 el 7 de febrero. La marcha senderista recrea el \u00faltimo viaje que realiz\u00f3 el emperador Carlos V el 3 de febrero de 1557 desde el castillo de los condes de Oropesa, de Jarandilla de la Vera, hasta el Real Monasterio de Yuste, tendr\u00e1 lugar el [&hellip;]<!-- AddThis Advanced Settings generic via filter on get_the_excerpt --><!-- AddThis Share Buttons generic via filter on get_the_excerpt --><\/p>\n","protected":false},"author":27,"featured_media":0,"comment_status":"open","ping_status":"closed","sticky":false,"template":"","format":"standard","meta":[],"categories":[4],"tags":[724,821,836,917,944,1035],"_links":{"self":[{"href":"https:\/\/blogs.hoy.es\/senderosextremadura\/wp-json\/wp\/v2\/posts\/3054"}],"collection":[{"href":"https:\/\/blogs.hoy.es\/senderosextremadura\/wp-json\/wp\/v2\/posts"}],"about":[{"href":"https:\/\/blogs.hoy.es\/senderosextremadura\/wp-json\/wp\/v2\/types\/post"}],"author":[{"embeddable":true,"href":"https:\/\/blogs.hoy.es\/senderosextremadura\/wp-json\/wp\/v2\/users\/27"}],"replies":[{"embeddable":true,"href":"https:\/\/blogs.hoy.es\/senderosextremadura\/wp-json\/wp\/v2\/comments?post=3054"}],"version-history":[{"count":0,"href":"https:\/\/blogs.hoy.es\/senderosextremadura\/wp-json\/wp\/v2\/posts\/3054\/revisions"}],"wp:attachment":[{"href":"https:\/\/blogs.hoy.es\/senderosextremadura\/wp-json\/wp\/v2\/media?parent=3054"}],"wp:term":[{"taxonomy":"category","embeddable":true,"href":"https:\/\/blogs.hoy.es\/senderosextremadura\/wp-json\/wp\/v2\/categories?post=3054"},{"taxonomy":"post_tag","embeddable":true,"href":"https:\/\/blogs.hoy.es\/senderosextremadura\/wp-json\/wp\/v2\/tags?post=3054"}],"curies":[{"name":"wp","href":"https:\/\/api.w.org\/{rel}","templated":true}]}}