{"id":3057,"date":"2015-01-12T10:17:47","date_gmt":"2015-01-12T10:17:47","guid":{"rendered":"http:\/\/blogs.hoy.es\/senderosextremadura\/?p=3057"},"modified":"2015-01-12T10:17:47","modified_gmt":"2015-01-12T10:17:47","slug":"los-senderistas-de-tentudia-deciden-hoy-su-calendario-de-rutas","status":"publish","type":"post","link":"https:\/\/blogs.hoy.es\/senderosextremadura\/2015\/01\/12\/los-senderistas-de-tentudia-deciden-hoy-su-calendario-de-rutas\/","title":{"rendered":"Los senderistas de Tentud\u00eda deciden hoy su calendario de rutas"},"content":{"rendered":"<p><a href=\"https:\/\/blogs.hoy.es\/senderosextremadura\/\"><img loading=\"lazy\" class=\"aligncenter size-full wp-image-3058\" title=\"\" src=\"\/senderosextremadura\/wp-content\/uploads\/sites\/22\/2015\/01\/senderistas-300xXx80.jpg\" alt=\"\" width=\"300\" height=\"199\" \/><\/a><\/p>\n<p>La asociaci\u00f3n comarcal de <strong>senderismo Centaurea Tentudaic<\/strong>a ha convocado una reuni\u00f3n para todos sus socios en la sede de la asociaci\u00f3n situada en el Paseo de Extremadura, 196 de <strong>Monesterio<\/strong>, que tendr\u00e1 lugar hoy a partir de las 20.00 horas, con la \u00fanica finalidad de elaborar el calendario de rutas para este reci\u00e9n estrenado 2015.<!--more--><\/p>\n<p>Desde hace unos a\u00f1os, y buscando el compromiso de todos los miembros de la asociaci\u00f3n, para elaborar el calendario de rutas, se tiene en cuenta las propuestas realizadas por sus socios, de ah\u00ed el compromiso que adquieren algunos de ellos organizando directamente una ruta o bien haci\u00e9ndose cargo de alguna ya organizada por otra asociaci\u00f3n.<\/p>\n<p>Para la elaboraci\u00f3n de este nuevo calendario se tendr\u00e1 tambi\u00e9n en cuenta las rutas ya realizadas, las que m\u00e1s han gustado a los participantes, las rutas que forman los calendarios de las asociaciones de Zafra, Llerena o Los Santos de Maimona entre otras y rutas propuestas por la Federaci\u00f3n Extreme\u00f1a de Senderismo.<\/p>\n<p>Fuente:: Loli Vargas, corresponsal de <a href=\"http:\/\/www.hoymonesterio.es\/actualidad\/2015-01-11\/centaurea-tentudaica-elabora-calendario-rutas-1037.html\" target=\"_blank\" rel=\"external nofollow\"><strong>HOY Monesterio.<\/strong><\/a><\/p>\n<!-- AddThis Advanced Settings generic via filter on the_content --><!-- AddThis Share Buttons generic via filter on the_content -->","protected":false},"excerpt":{"rendered":"<p>La asociaci\u00f3n comarcal de senderismo Centaurea Tentudaica ha convocado una reuni\u00f3n para todos sus socios en la sede de la asociaci\u00f3n situada en el Paseo de Extremadura, 196 de Monesterio, que tendr\u00e1 lugar hoy a partir de las 20.00 horas, con la \u00fanica finalidad de elaborar el calendario de rutas para este reci\u00e9n estrenado 2015.<!-- AddThis Advanced Settings generic via filter on get_the_excerpt --><!-- AddThis Share Buttons generic via filter on get_the_excerpt --><\/p>\n","protected":false},"author":27,"featured_media":0,"comment_status":"open","ping_status":"closed","sticky":false,"template":"","format":"standard","meta":[],"categories":[4],"tags":[513,817,836,917,947,1035],"_links":{"self":[{"href":"https:\/\/blogs.hoy.es\/senderosextremadura\/wp-json\/wp\/v2\/posts\/3057"}],"collection":[{"href":"https:\/\/blogs.hoy.es\/senderosextremadura\/wp-json\/wp\/v2\/posts"}],"about":[{"href":"https:\/\/blogs.hoy.es\/senderosextremadura\/wp-json\/wp\/v2\/types\/post"}],"author":[{"embeddable":true,"href":"https:\/\/blogs.hoy.es\/senderosextremadura\/wp-json\/wp\/v2\/users\/27"}],"replies":[{"embeddable":true,"href":"https:\/\/blogs.hoy.es\/senderosextremadura\/wp-json\/wp\/v2\/comments?post=3057"}],"version-history":[{"count":0,"href":"https:\/\/blogs.hoy.es\/senderosextremadura\/wp-json\/wp\/v2\/posts\/3057\/revisions"}],"wp:attachment":[{"href":"https:\/\/blogs.hoy.es\/senderosextremadura\/wp-json\/wp\/v2\/media?parent=3057"}],"wp:term":[{"taxonomy":"category","embeddable":true,"href":"https:\/\/blogs.hoy.es\/senderosextremadura\/wp-json\/wp\/v2\/categories?post=3057"},{"taxonomy":"post_tag","embeddable":true,"href":"https:\/\/blogs.hoy.es\/senderosextremadura\/wp-json\/wp\/v2\/tags?post=3057"}],"curies":[{"name":"wp","href":"https:\/\/api.w.org\/{rel}","templated":true}]}}