{"id":3064,"date":"2015-01-12T10:51:23","date_gmt":"2015-01-12T10:51:23","guid":{"rendered":"http:\/\/blogs.hoy.es\/senderosextremadura\/?p=3064"},"modified":"2015-01-12T10:51:23","modified_gmt":"2015-01-12T10:51:23","slug":"la-segunda-ruta-de-camina-extremadura-sera-el-1-de-febrero-en-las-hurdes","status":"publish","type":"post","link":"https:\/\/blogs.hoy.es\/senderosextremadura\/2015\/01\/12\/la-segunda-ruta-de-camina-extremadura-sera-el-1-de-febrero-en-las-hurdes\/","title":{"rendered":"La segunda ruta de Camina Extremadura ser\u00e1 el 1 de febrero en Las Hurdes"},"content":{"rendered":"<p><a href=\"https:\/\/blogs.hoy.es\/senderosextremadura\/\"><img loading=\"lazy\" class=\"aligncenter  wp-image-3067\" title=\"\" src=\"\/senderosextremadura\/wp-content\/uploads\/sites\/22\/2015\/01\/ruta-hurdes_1.jpg\" alt=\"\" width=\"382\" height=\"286\" srcset=\"https:\/\/static-blogs.hoy.es\/wp-content\/uploads\/sites\/22\/2015\/01\/ruta-hurdes_1.jpg 1200w, https:\/\/static-blogs.hoy.es\/wp-content\/uploads\/sites\/22\/2015\/01\/ruta-hurdes_1-300x225.jpg 300w, https:\/\/static-blogs.hoy.es\/wp-content\/uploads\/sites\/22\/2015\/01\/ruta-hurdes_1-768x576.jpg 768w, https:\/\/static-blogs.hoy.es\/wp-content\/uploads\/sites\/22\/2015\/01\/ruta-hurdes_1-600x450.jpg 600w\" sizes=\"(max-width: 382px) 100vw, 382px\" \/><\/a><\/p>\n<p>La segunda prueba del circuito<a href=\"http:\/\/www.rutavalledelesperaban.blogspot.com.es\/\" target=\"_blank\" rel=\"external nofollow\"><strong> Camina Extremadura 2015<\/strong><\/a> se celebrar\u00e1 el 1 de febrero en la <strong>comarca cacere\u00f1a de Las Hurdes<\/strong>. La tercera edici\u00f3n de la <strong>Ruta por el Valle del Esperab\u00e1n<\/strong> partir\u00e1 a las 9.00 horas desde Castillo, una <strong>alquer\u00eda de Pinofranqueado<\/strong> con\u00a0 mucho encanto. La pasada edici\u00f3n de esta marcha estuvo pasada por agua por la intensa lluvia (<a href=\"http:\/\/www.hoy.es\/multimedia\/fotos\/regional\/20140212\/ruta-esperabab-3072617590373-mm.html\" target=\"_blank\" rel=\"external nofollow\"><strong>FOTOS<\/strong><\/a>). <!--more--><\/p>\n<p>La marcha incluye dos alternativas: una larga (18 kms.) de dificultad media-alta (posiblemente una de las rutas senderistas m\u00e1s duras de Extremadura) y otra corta (11 kms.) y escasa dificultad.<\/p>\n<p>No faltar\u00e1n todo tipo de extras que dotan a esta actividad de un punto de calidad, como pueden ser, las actividades paralelas (concurso fotogr\u00e1fico, talleres y juegos para los m\u00e1s peque\u00f1os), un buen plan para el fin de semana (Feria de la tapa, visitas guiadas, ofertas en alojamiento y restauraci\u00f3n) avituallamientos, seguro de accidente, bolsa obsequio, ambulancia y m\u00e9dico, y muchas sorpresas\u2026<\/p>\n<p>Una de las peculiaridades de este evento deportivo-tur\u00edstico es que est\u00e1 organizado por un instituto de educaci\u00f3n secundaria p\u00fablico, el centro \u201cGregorio Mara\u00f1\u00f3n\u201d de Caminomorisco. Con el apoyo de toda la Comunidad Educativa, ADIC-Hurdes, FEXME y el Ayun tamiento de Pinofranqueado.<\/p>\n<p>&nbsp;<\/p>\n<p>Toda la informaci\u00f3n y las inscripciones se pueden encontrar en la <strong><a href=\"http:\/\/www.rutavalledelesperaban.blogspot.com.es\/\" target=\"_blank\" rel=\"external nofollow\">web de la ruta.<\/a><\/strong><\/p>\n<p>&nbsp;<\/p>\n<!-- AddThis Advanced Settings generic via filter on the_content --><!-- AddThis Share Buttons generic via filter on the_content -->","protected":false},"excerpt":{"rendered":"<p>La segunda prueba del circuito Camina Extremadura 2015 se celebrar\u00e1 el 1 de febrero en la comarca cacere\u00f1a de Las Hurdes. La tercera edici\u00f3n de la Ruta por el Valle del Esperab\u00e1n partir\u00e1 a las 9.00 horas desde Castillo, una alquer\u00eda de Pinofranqueado con\u00a0 mucho encanto. La pasada edici\u00f3n de esta marcha estuvo pasada por [&hellip;]<!-- AddThis Advanced Settings generic via filter on get_the_excerpt --><!-- AddThis Share Buttons generic via filter on get_the_excerpt --><\/p>\n","protected":false},"author":27,"featured_media":0,"comment_status":"open","ping_status":"closed","sticky":false,"template":"","format":"standard","meta":[],"categories":[4],"tags":[398,634,821,836,856,906,1035],"_links":{"self":[{"href":"https:\/\/blogs.hoy.es\/senderosextremadura\/wp-json\/wp\/v2\/posts\/3064"}],"collection":[{"href":"https:\/\/blogs.hoy.es\/senderosextremadura\/wp-json\/wp\/v2\/posts"}],"about":[{"href":"https:\/\/blogs.hoy.es\/senderosextremadura\/wp-json\/wp\/v2\/types\/post"}],"author":[{"embeddable":true,"href":"https:\/\/blogs.hoy.es\/senderosextremadura\/wp-json\/wp\/v2\/users\/27"}],"replies":[{"embeddable":true,"href":"https:\/\/blogs.hoy.es\/senderosextremadura\/wp-json\/wp\/v2\/comments?post=3064"}],"version-history":[{"count":0,"href":"https:\/\/blogs.hoy.es\/senderosextremadura\/wp-json\/wp\/v2\/posts\/3064\/revisions"}],"wp:attachment":[{"href":"https:\/\/blogs.hoy.es\/senderosextremadura\/wp-json\/wp\/v2\/media?parent=3064"}],"wp:term":[{"taxonomy":"category","embeddable":true,"href":"https:\/\/blogs.hoy.es\/senderosextremadura\/wp-json\/wp\/v2\/categories?post=3064"},{"taxonomy":"post_tag","embeddable":true,"href":"https:\/\/blogs.hoy.es\/senderosextremadura\/wp-json\/wp\/v2\/tags?post=3064"}],"curies":[{"name":"wp","href":"https:\/\/api.w.org\/{rel}","templated":true}]}}