{"id":3068,"date":"2015-01-14T10:01:52","date_gmt":"2015-01-14T10:01:52","guid":{"rendered":"http:\/\/blogs.hoy.es\/senderosextremadura\/?p=3068"},"modified":"2015-01-14T10:01:52","modified_gmt":"2015-01-14T10:01:52","slug":"olivenza-recorrera-este-domingo-la-ruta-de-las-25-000-varas","status":"publish","type":"post","link":"https:\/\/blogs.hoy.es\/senderosextremadura\/2015\/01\/14\/olivenza-recorrera-este-domingo-la-ruta-de-las-25-000-varas\/","title":{"rendered":"Olivenza recorrer\u00e1 este domingo la ruta de las 25.000 varas"},"content":{"rendered":"<p><a href=\"https:\/\/blogs.hoy.es\/senderosextremadura\/2015\/01\/14\/olivenza-recorrera-este-domingo-la-ruta-de-las-25-000-varas\/varas-prisinas\/\" rel=\"attachment wp-att-3069\"><img loading=\"lazy\" class=\"aligncenter  wp-image-3069\" title=\"\" src=\"\/senderosextremadura\/wp-content\/uploads\/sites\/22\/2015\/01\/varas-prisinas.jpg\" alt=\"\" width=\"407\" height=\"254\" srcset=\"https:\/\/static-blogs.hoy.es\/wp-content\/uploads\/sites\/22\/2015\/01\/varas-prisinas.jpg 960w, https:\/\/static-blogs.hoy.es\/wp-content\/uploads\/sites\/22\/2015\/01\/varas-prisinas-300x188.jpg 300w, https:\/\/static-blogs.hoy.es\/wp-content\/uploads\/sites\/22\/2015\/01\/varas-prisinas-768x480.jpg 768w, https:\/\/static-blogs.hoy.es\/wp-content\/uploads\/sites\/22\/2015\/01\/varas-prisinas-600x375.jpg 600w\" sizes=\"(max-width: 407px) 100vw, 407px\" \/><\/a><\/p>\n<p>El <a href=\"http:\/\/clubsenderistaolivenza.es\/\" target=\"_blank\" rel=\"external nofollow\"><strong>Club Prisi\u00f1as de Olivenza<\/strong><\/a> realiza este pr\u00f3ximo domingo 18 de enero la ruta de las 25.000 varas. La salida tendr\u00e1 lugar desde los Arcos a las ocho y media de la ma\u00f1ana. Los senderistas recorrer\u00e1n 25 kil\u00f3metros en el entorno de la localidad pacense. La marcha est\u00e1 abierta a todos los interesados.<\/p>\n<!-- AddThis Advanced Settings generic via filter on the_content --><!-- AddThis Share Buttons generic via filter on the_content -->","protected":false},"excerpt":{"rendered":"<p>El Club Prisi\u00f1as de Olivenza realiza este pr\u00f3ximo domingo 18 de enero la ruta de las 25.000 varas. La salida tendr\u00e1 lugar desde los Arcos a las ocho y media de la ma\u00f1ana. Los senderistas recorrer\u00e1n 25 kil\u00f3metros en el entorno de la localidad pacense. La marcha est\u00e1 abierta a todos los interesados.<!-- AddThis Advanced Settings generic via filter on get_the_excerpt --><!-- AddThis Share Buttons generic via filter on get_the_excerpt --><\/p>\n","protected":false},"author":27,"featured_media":0,"comment_status":"open","ping_status":"closed","sticky":false,"template":"","format":"standard","meta":[],"categories":[4],"tags":[836,862,906,959,1035],"_links":{"self":[{"href":"https:\/\/blogs.hoy.es\/senderosextremadura\/wp-json\/wp\/v2\/posts\/3068"}],"collection":[{"href":"https:\/\/blogs.hoy.es\/senderosextremadura\/wp-json\/wp\/v2\/posts"}],"about":[{"href":"https:\/\/blogs.hoy.es\/senderosextremadura\/wp-json\/wp\/v2\/types\/post"}],"author":[{"embeddable":true,"href":"https:\/\/blogs.hoy.es\/senderosextremadura\/wp-json\/wp\/v2\/users\/27"}],"replies":[{"embeddable":true,"href":"https:\/\/blogs.hoy.es\/senderosextremadura\/wp-json\/wp\/v2\/comments?post=3068"}],"version-history":[{"count":0,"href":"https:\/\/blogs.hoy.es\/senderosextremadura\/wp-json\/wp\/v2\/posts\/3068\/revisions"}],"wp:attachment":[{"href":"https:\/\/blogs.hoy.es\/senderosextremadura\/wp-json\/wp\/v2\/media?parent=3068"}],"wp:term":[{"taxonomy":"category","embeddable":true,"href":"https:\/\/blogs.hoy.es\/senderosextremadura\/wp-json\/wp\/v2\/categories?post=3068"},{"taxonomy":"post_tag","embeddable":true,"href":"https:\/\/blogs.hoy.es\/senderosextremadura\/wp-json\/wp\/v2\/tags?post=3068"}],"curies":[{"name":"wp","href":"https:\/\/api.w.org\/{rel}","templated":true}]}}