{"id":3071,"date":"2015-01-14T10:21:18","date_gmt":"2015-01-14T10:21:18","guid":{"rendered":"http:\/\/blogs.hoy.es\/senderosextremadura\/?p=3071"},"modified":"2015-01-14T10:21:18","modified_gmt":"2015-01-14T10:21:18","slug":"higuera-la-real-acoge-en-febrero-vii-ruta-de-los-celtas","status":"publish","type":"post","link":"https:\/\/blogs.hoy.es\/senderosextremadura\/2015\/01\/14\/higuera-la-real-acoge-en-febrero-vii-ruta-de-los-celtas\/","title":{"rendered":"Higuera la Real acoge en febrero VII Ruta de los Celtas"},"content":{"rendered":"<p><strong>Higuera la Real<\/strong> (Badajoz) acoger\u00e1 el 8 de febrero la <strong>VII Ruta de los Celtas<\/strong>. La salida tendr\u00e1 lugar a las nueve de la ma\u00f1ana desde el parque municipal. Los senderistas <strong>recorrer\u00e1n 20 kil\u00f3metros<\/strong> en el entorno de la localidad pacense. Habr\u00e1 una alternativa m\u00e1s f\u00e1cil con un trayecto de 15 kil\u00f3metros. <!--more-->La marcha tiene un coste de inscripci\u00f3n de dos euros que se pagar\u00e1n en la salida. Las inscripciones se pueden realizar hasta el d\u00eda 5 de febrero a trav\u00e9s del e-mail turismo@higueralareal.gob.es y en el tel\u00e9fono 924723328. La marcha ha sido organizada por el<strong> club senderista local Ablonios<\/strong> y cuenta con el apoyo del Ayuntamiento de Higuera la Real.<\/p>\n<p><a href=\"https:\/\/blogs.hoy.es\/senderosextremadura\/\"><img loading=\"lazy\" class=\"aligncenter  wp-image-3073\" title=\"\" src=\"\/senderosextremadura\/wp-content\/uploads\/sites\/22\/2015\/01\/higuera-real.jpg\" alt=\"\" width=\"456\" height=\"644\" \/><\/a><\/p>\n<p>&nbsp;<\/p>\n<!-- AddThis Advanced Settings generic via filter on the_content --><!-- AddThis Share Buttons generic via filter on the_content -->","protected":false},"excerpt":{"rendered":"<p>Higuera la Real (Badajoz) acoger\u00e1 el 8 de febrero la VII Ruta de los Celtas. La salida tendr\u00e1 lugar a las nueve de la ma\u00f1ana desde el parque municipal. Los senderistas recorrer\u00e1n 20 kil\u00f3metros en el entorno de la localidad pacense. Habr\u00e1 una alternativa m\u00e1s f\u00e1cil con un trayecto de 15 kil\u00f3metros.<!-- AddThis Advanced Settings generic via filter on get_the_excerpt --><!-- AddThis Share Buttons generic via filter on get_the_excerpt --><\/p>\n","protected":false},"author":27,"featured_media":0,"comment_status":"open","ping_status":"closed","sticky":false,"template":"","format":"standard","meta":[],"categories":[3],"tags":[],"_links":{"self":[{"href":"https:\/\/blogs.hoy.es\/senderosextremadura\/wp-json\/wp\/v2\/posts\/3071"}],"collection":[{"href":"https:\/\/blogs.hoy.es\/senderosextremadura\/wp-json\/wp\/v2\/posts"}],"about":[{"href":"https:\/\/blogs.hoy.es\/senderosextremadura\/wp-json\/wp\/v2\/types\/post"}],"author":[{"embeddable":true,"href":"https:\/\/blogs.hoy.es\/senderosextremadura\/wp-json\/wp\/v2\/users\/27"}],"replies":[{"embeddable":true,"href":"https:\/\/blogs.hoy.es\/senderosextremadura\/wp-json\/wp\/v2\/comments?post=3071"}],"version-history":[{"count":0,"href":"https:\/\/blogs.hoy.es\/senderosextremadura\/wp-json\/wp\/v2\/posts\/3071\/revisions"}],"wp:attachment":[{"href":"https:\/\/blogs.hoy.es\/senderosextremadura\/wp-json\/wp\/v2\/media?parent=3071"}],"wp:term":[{"taxonomy":"category","embeddable":true,"href":"https:\/\/blogs.hoy.es\/senderosextremadura\/wp-json\/wp\/v2\/categories?post=3071"},{"taxonomy":"post_tag","embeddable":true,"href":"https:\/\/blogs.hoy.es\/senderosextremadura\/wp-json\/wp\/v2\/tags?post=3071"}],"curies":[{"name":"wp","href":"https:\/\/api.w.org\/{rel}","templated":true}]}}