{"id":3074,"date":"2015-01-14T10:46:08","date_gmt":"2015-01-14T10:46:08","guid":{"rendered":"http:\/\/blogs.hoy.es\/senderosextremadura\/?p=3074"},"modified":"2015-01-14T10:46:08","modified_gmt":"2015-01-14T10:46:08","slug":"la-iv-ruta-dolmen-del-maton-terminara-con-una-degustacion-de-productos-de-la-matanza","status":"publish","type":"post","link":"https:\/\/blogs.hoy.es\/senderosextremadura\/2015\/01\/14\/la-iv-ruta-dolmen-del-maton-terminara-con-una-degustacion-de-productos-de-la-matanza\/","title":{"rendered":"La IV Ruta Dolmen del Mat\u00f3n terminar\u00e1 con una degustaci\u00f3n de productos de la matanza"},"content":{"rendered":"<div id=\"attachment_3076\" style=\"width: 477px\" class=\"wp-caption aligncenter\"><a href=\"https:\/\/blogs.hoy.es\/senderosextremadura\/2015\/01\/14\/la-iv-ruta-dolmen-del-maton-terminara-con-una-degustacion-de-productos-de-la-matanza\/dehesahernanperez\/\" rel=\"attachment wp-att-3076\"><img aria-describedby=\"caption-attachment-3076\" loading=\"lazy\" class=\" wp-image-3076\" title=\"DehesaHernanPerez\" src=\"\/senderosextremadura\/wp-content\/uploads\/sites\/22\/2015\/01\/DehesaHernanPerez.jpg\" alt=\"\" width=\"467\" height=\"350\" srcset=\"https:\/\/static-blogs.hoy.es\/wp-content\/uploads\/sites\/22\/2015\/01\/DehesaHernanPerez.jpg 604w, https:\/\/static-blogs.hoy.es\/wp-content\/uploads\/sites\/22\/2015\/01\/DehesaHernanPerez-300x225.jpg 300w, https:\/\/static-blogs.hoy.es\/wp-content\/uploads\/sites\/22\/2015\/01\/DehesaHernanPerez-600x451.jpg 600w\" sizes=\"(max-width: 467px) 100vw, 467px\" \/><\/a><p id=\"caption-attachment-3076\" class=\"wp-caption-text\">Dehesa de Hern\u00e1n P\u00e9rez.<\/p><\/div>\n<p>Senderistas extreme\u00f1os realizar\u00e1n el pr\u00f3ximo 31 de enero\u00a0 la\u00a0 <strong>IV Ruta Dolmen Dehesa del Mat\u00f3n<\/strong>, en la <strong>localidad cacere\u00f1a de Hern\u00e1n P\u00e9rez<\/strong>. La marcha ha sido organizada por el Servicio de Dinamizaci\u00f3n Deportiva de la Mancomunidad de Municipios <strong>Sierra de Gata<\/strong>. Se trata de una marcha circular de unos 11 kil\u00f3metros y el precio de inscripci\u00f3n es de 5 euros. La salida tendr\u00e1 lugar a las nueve de la ma\u00f1ana desde la casa de cultura de Hern\u00e1n P\u00e9rez. Al finalizar la marcha los participantes podr\u00e1n degustar productos t\u00edpicos de la matanza extreme\u00f1a. Las inscripciones pueden realizarse a trav\u00e9s de la <a href=\"http:\/\/deportes.sierradegata.es\/\" target=\"_blank\" rel=\"external nofollow\"><strong>web Deportes Sierra de Gata<\/strong><\/a>.<\/p>\n<!-- AddThis Advanced Settings generic via filter on the_content --><!-- AddThis Share Buttons generic via filter on the_content -->","protected":false},"excerpt":{"rendered":"<p>Senderistas extreme\u00f1os realizar\u00e1n el pr\u00f3ximo 31 de enero\u00a0 la\u00a0 IV Ruta Dolmen Dehesa del Mat\u00f3n, en la localidad cacere\u00f1a de Hern\u00e1n P\u00e9rez. La marcha ha sido organizada por el Servicio de Dinamizaci\u00f3n Deportiva de la Mancomunidad de Municipios Sierra de Gata. Se trata de una marcha circular de unos 11 kil\u00f3metros y el precio de [&hellip;]<!-- AddThis Advanced Settings generic via filter on get_the_excerpt --><!-- AddThis Share Buttons generic via filter on get_the_excerpt --><\/p>\n","protected":false},"author":27,"featured_media":0,"comment_status":"open","ping_status":"closed","sticky":false,"template":"","format":"standard","meta":[],"categories":[4],"tags":[301,379,821,917,977],"_links":{"self":[{"href":"https:\/\/blogs.hoy.es\/senderosextremadura\/wp-json\/wp\/v2\/posts\/3074"}],"collection":[{"href":"https:\/\/blogs.hoy.es\/senderosextremadura\/wp-json\/wp\/v2\/posts"}],"about":[{"href":"https:\/\/blogs.hoy.es\/senderosextremadura\/wp-json\/wp\/v2\/types\/post"}],"author":[{"embeddable":true,"href":"https:\/\/blogs.hoy.es\/senderosextremadura\/wp-json\/wp\/v2\/users\/27"}],"replies":[{"embeddable":true,"href":"https:\/\/blogs.hoy.es\/senderosextremadura\/wp-json\/wp\/v2\/comments?post=3074"}],"version-history":[{"count":0,"href":"https:\/\/blogs.hoy.es\/senderosextremadura\/wp-json\/wp\/v2\/posts\/3074\/revisions"}],"wp:attachment":[{"href":"https:\/\/blogs.hoy.es\/senderosextremadura\/wp-json\/wp\/v2\/media?parent=3074"}],"wp:term":[{"taxonomy":"category","embeddable":true,"href":"https:\/\/blogs.hoy.es\/senderosextremadura\/wp-json\/wp\/v2\/categories?post=3074"},{"taxonomy":"post_tag","embeddable":true,"href":"https:\/\/blogs.hoy.es\/senderosextremadura\/wp-json\/wp\/v2\/tags?post=3074"}],"curies":[{"name":"wp","href":"https:\/\/api.w.org\/{rel}","templated":true}]}}