{"id":3077,"date":"2015-01-14T11:47:04","date_gmt":"2015-01-14T11:47:04","guid":{"rendered":"http:\/\/blogs.hoy.es\/senderosextremadura\/?p=3077"},"modified":"2015-01-14T11:47:04","modified_gmt":"2015-01-14T11:47:04","slug":"ruta-solidaria-de-12-kilometros-en-zalamea-de-la-serena-18-de-enero","status":"publish","type":"post","link":"https:\/\/blogs.hoy.es\/senderosextremadura\/2015\/01\/14\/ruta-solidaria-de-12-kilometros-en-zalamea-de-la-serena-18-de-enero\/","title":{"rendered":"12 kil\u00f3metros solidarios en Zalamea de la Serena (18 de enero)"},"content":{"rendered":"<p>La <strong>asociaci\u00f3n senderista Arsa Zalamea<\/strong> ha organizado una ruta solidaria a favor de la <strong>Asociaci\u00f3n de Voluntarios Ostomizados de Extremadura (AVOEX)<\/strong>. La marcha tendr\u00e1 lugar el pr\u00f3ximo 18 de enero, con un recorrido de 12 kil\u00f3metros, con salida a las diez de la ma\u00f1ana desde el Ayuntamiento ilipense. Con la inscripci\u00f3n los participantes pueden abonar la voluntad para ayudar a la asociaci\u00f3n.<\/p>\n<p><a href=\"https:\/\/blogs.hoy.es\/senderosextremadura\/\"><img loading=\"lazy\" class=\"aligncenter  wp-image-3079\" title=\"\" src=\"\/senderosextremadura\/wp-content\/uploads\/sites\/22\/2015\/01\/ruta-zalamea.jpg\" alt=\"\" width=\"512\" height=\"341\" srcset=\"https:\/\/static-blogs.hoy.es\/wp-content\/uploads\/sites\/22\/2015\/01\/ruta-zalamea.jpg 960w, https:\/\/static-blogs.hoy.es\/wp-content\/uploads\/sites\/22\/2015\/01\/ruta-zalamea-300x200.jpg 300w, https:\/\/static-blogs.hoy.es\/wp-content\/uploads\/sites\/22\/2015\/01\/ruta-zalamea-768x512.jpg 768w, https:\/\/static-blogs.hoy.es\/wp-content\/uploads\/sites\/22\/2015\/01\/ruta-zalamea-600x400.jpg 600w\" sizes=\"(max-width: 512px) 100vw, 512px\" \/><\/a><\/p>\n<!-- AddThis Advanced Settings generic via filter on the_content --><!-- AddThis Share Buttons generic via filter on the_content -->","protected":false},"excerpt":{"rendered":"<p>La asociaci\u00f3n senderista Arsa Zalamea ha organizado una ruta solidaria a favor de la Asociaci\u00f3n de Voluntarios Ostomizados de Extremadura (AVOEX). La marcha tendr\u00e1 lugar el pr\u00f3ximo 18 de enero, con un recorrido de 12 kil\u00f3metros, con salida a las diez de la ma\u00f1ana desde el Ayuntamiento ilipense. Con la inscripci\u00f3n los participantes pueden abonar [&hellip;]<!-- AddThis Advanced Settings generic via filter on get_the_excerpt --><!-- AddThis Share Buttons generic via filter on get_the_excerpt --><\/p>\n","protected":false},"author":27,"featured_media":0,"comment_status":"open","ping_status":"closed","sticky":false,"template":"","format":"standard","meta":[],"categories":[4],"tags":[817,836,1115],"_links":{"self":[{"href":"https:\/\/blogs.hoy.es\/senderosextremadura\/wp-json\/wp\/v2\/posts\/3077"}],"collection":[{"href":"https:\/\/blogs.hoy.es\/senderosextremadura\/wp-json\/wp\/v2\/posts"}],"about":[{"href":"https:\/\/blogs.hoy.es\/senderosextremadura\/wp-json\/wp\/v2\/types\/post"}],"author":[{"embeddable":true,"href":"https:\/\/blogs.hoy.es\/senderosextremadura\/wp-json\/wp\/v2\/users\/27"}],"replies":[{"embeddable":true,"href":"https:\/\/blogs.hoy.es\/senderosextremadura\/wp-json\/wp\/v2\/comments?post=3077"}],"version-history":[{"count":0,"href":"https:\/\/blogs.hoy.es\/senderosextremadura\/wp-json\/wp\/v2\/posts\/3077\/revisions"}],"wp:attachment":[{"href":"https:\/\/blogs.hoy.es\/senderosextremadura\/wp-json\/wp\/v2\/media?parent=3077"}],"wp:term":[{"taxonomy":"category","embeddable":true,"href":"https:\/\/blogs.hoy.es\/senderosextremadura\/wp-json\/wp\/v2\/categories?post=3077"},{"taxonomy":"post_tag","embeddable":true,"href":"https:\/\/blogs.hoy.es\/senderosextremadura\/wp-json\/wp\/v2\/tags?post=3077"}],"curies":[{"name":"wp","href":"https:\/\/api.w.org\/{rel}","templated":true}]}}