{"id":3080,"date":"2015-01-14T12:09:15","date_gmt":"2015-01-14T12:09:15","guid":{"rendered":"http:\/\/blogs.hoy.es\/senderosextremadura\/?p=3080"},"modified":"2015-01-14T12:09:15","modified_gmt":"2015-01-14T12:09:15","slug":"ruta-medioambiental-por-el-guadiana-18-de-enero","status":"publish","type":"post","link":"https:\/\/blogs.hoy.es\/senderosextremadura\/2015\/01\/14\/ruta-medioambiental-por-el-guadiana-18-de-enero\/","title":{"rendered":"Ruta medioambiental por el Guadiana (18 de enero)"},"content":{"rendered":"<p>&nbsp;<\/p>\n<div id=\"attachment_3082\" style=\"width: 559px\" class=\"wp-caption aligncenter\"><a href=\"https:\/\/blogs.hoy.es\/senderosextremadura\/\"><img aria-describedby=\"caption-attachment-3082\" loading=\"lazy\" class=\" wp-image-3082\" title=\"\" src=\"\/senderosextremadura\/wp-content\/uploads\/sites\/22\/2015\/01\/HF0KDLJ1.jpg\" alt=\"\" width=\"549\" height=\"306\" srcset=\"https:\/\/static-blogs.hoy.es\/wp-content\/uploads\/sites\/22\/2015\/01\/HF0KDLJ1.jpg 1610w, https:\/\/static-blogs.hoy.es\/wp-content\/uploads\/sites\/22\/2015\/01\/HF0KDLJ1-300x168.jpg 300w, https:\/\/static-blogs.hoy.es\/wp-content\/uploads\/sites\/22\/2015\/01\/HF0KDLJ1-768x429.jpg 768w, https:\/\/static-blogs.hoy.es\/wp-content\/uploads\/sites\/22\/2015\/01\/HF0KDLJ1-600x335.jpg 600w\" sizes=\"(max-width: 549px) 100vw, 549px\" \/><\/a><p id=\"caption-attachment-3082\" class=\"wp-caption-text\">Nieblas sobre el Guadiana a su paso por Badajoz:: C.M.<\/p><\/div>\n<p><strong>Zona Viaje Badajoz<\/strong> ha programado para este domingo 18 de enero una <strong>ruta medioambiental por el Guadiana<\/strong>, a su paso por la capital pacense. La marcha partir\u00e1 a las diez de la ma\u00f1ana desde la Biblioteca P\u00fablica Bartolom\u00e9 J. Gallardo y llegar\u00e1 hasta el puente del r\u00edo Caya, con regreso al punto de salida. La marcha recorrer\u00e1 una distancia de <strong>14 kil\u00f3metros<\/strong>.\u00a0 Los caminantes estar\u00e1n acompa\u00f1ados por gu\u00edas medioambientales que dar\u00e1n cumplidas explicaciones sobre la flora y la fauna de la zona, principalmente de las colonias de aves que se divisaremos en cada uno de los recorridos. <!--more-->La inscripci\u00f3n tiene un precio de dos euros y es posible apuntarse hasta el 17 de enero, hasta agotar plazas. Este es el link para cumplimentar la inscripci\u00f3n.<br \/>\n<a href=\"http:\/\/www.reunalia.com\/v03\/inscripciones\/inscripcion_paso2.aspx?Evento=BEC0B48A3AF9C0A4&#038;Plaza=7146&#038;PlazaTarifa=69501&#038;if&#038;c\" rel=\"nofollow external\" target=\"_blank\">http:\/\/www.reunalia.com\/<wbr>v03\/inscripciones\/<wbr>inscripcion_paso2.aspx?Even<wbr>to=BEC0B48A3AF9C0A4&#038;Plaza=<wbr>7146&#038;PlazaTarifa=69501&#038;if&#038;<wbr>c<\/wbr><\/wbr><\/wbr><\/wbr><\/wbr><\/a><\/p>\n<p>&nbsp;<\/p>\n<p>M\u00c1S INFORMACI\u00d3N EN:<br \/>\n<a href=\"http:\/\/ZONAVIAJE.COM\/\" rel=\"nofollow external\" target=\"_blank\">ZONAVIAJE.COM<\/a><br \/>\nC\/ Menacho, 44<br \/>\n06001 Badajoz<br \/>\nEspa\u00f1a<br \/>\n924 262 762<br \/>\ninfo@zonaviaje.com<\/p>\n<!-- AddThis Advanced Settings generic via filter on the_content --><!-- AddThis Share Buttons generic via filter on the_content -->","protected":false},"excerpt":{"rendered":"<p>&nbsp; Zona Viaje Badajoz ha programado para este domingo 18 de enero una ruta medioambiental por el Guadiana, a su paso por la capital pacense. La marcha partir\u00e1 a las diez de la ma\u00f1ana desde la Biblioteca P\u00fablica Bartolom\u00e9 J. Gallardo y llegar\u00e1 hasta el puente del r\u00edo Caya, con regreso al punto de salida. [&hellip;]<!-- AddThis Advanced Settings generic via filter on get_the_excerpt --><!-- AddThis Share Buttons generic via filter on get_the_excerpt --><\/p>\n","protected":false},"author":27,"featured_media":0,"comment_status":"open","ping_status":"closed","sticky":false,"template":"","format":"standard","meta":[],"categories":[4],"tags":[784,817,836,906,944,1035],"_links":{"self":[{"href":"https:\/\/blogs.hoy.es\/senderosextremadura\/wp-json\/wp\/v2\/posts\/3080"}],"collection":[{"href":"https:\/\/blogs.hoy.es\/senderosextremadura\/wp-json\/wp\/v2\/posts"}],"about":[{"href":"https:\/\/blogs.hoy.es\/senderosextremadura\/wp-json\/wp\/v2\/types\/post"}],"author":[{"embeddable":true,"href":"https:\/\/blogs.hoy.es\/senderosextremadura\/wp-json\/wp\/v2\/users\/27"}],"replies":[{"embeddable":true,"href":"https:\/\/blogs.hoy.es\/senderosextremadura\/wp-json\/wp\/v2\/comments?post=3080"}],"version-history":[{"count":0,"href":"https:\/\/blogs.hoy.es\/senderosextremadura\/wp-json\/wp\/v2\/posts\/3080\/revisions"}],"wp:attachment":[{"href":"https:\/\/blogs.hoy.es\/senderosextremadura\/wp-json\/wp\/v2\/media?parent=3080"}],"wp:term":[{"taxonomy":"category","embeddable":true,"href":"https:\/\/blogs.hoy.es\/senderosextremadura\/wp-json\/wp\/v2\/categories?post=3080"},{"taxonomy":"post_tag","embeddable":true,"href":"https:\/\/blogs.hoy.es\/senderosextremadura\/wp-json\/wp\/v2\/tags?post=3080"}],"curies":[{"name":"wp","href":"https:\/\/api.w.org\/{rel}","templated":true}]}}