{"id":3092,"date":"2015-01-26T11:05:27","date_gmt":"2015-01-26T11:05:27","guid":{"rendered":"http:\/\/blogs.hoy.es\/senderosextremadura\/?p=3092"},"modified":"2015-01-26T11:05:27","modified_gmt":"2015-01-26T11:05:27","slug":"salvaleon-prepara-su-ruta-de-los-buitres-con-garbanzada-final-8-de-febrero","status":"publish","type":"post","link":"https:\/\/blogs.hoy.es\/senderosextremadura\/2015\/01\/26\/salvaleon-prepara-su-ruta-de-los-buitres-con-garbanzada-final-8-de-febrero\/","title":{"rendered":"Salvale\u00f3n prepara su Ruta de los Buitres con garbanzada final (8 de febrero)"},"content":{"rendered":"<div id=\"attachment_3094\" style=\"width: 610px\" class=\"wp-caption aligncenter\"><a href=\"https:\/\/blogs.hoy.es\/senderosextremadura\/\"><img aria-describedby=\"caption-attachment-3094\" loading=\"lazy\" class=\"size-large wp-image-3094\" title=\"\" src=\"\/senderosextremadura\/wp-content\/uploads\/sites\/22\/2015\/01\/encinas.jpg\" alt=\"\" width=\"600\" height=\"401\" srcset=\"https:\/\/static-blogs.hoy.es\/wp-content\/uploads\/sites\/22\/2015\/01\/encinas.jpg 851w, https:\/\/static-blogs.hoy.es\/wp-content\/uploads\/sites\/22\/2015\/01\/encinas-300x201.jpg 300w, https:\/\/static-blogs.hoy.es\/wp-content\/uploads\/sites\/22\/2015\/01\/encinas-768x514.jpg 768w, https:\/\/static-blogs.hoy.es\/wp-content\/uploads\/sites\/22\/2015\/01\/encinas-600x402.jpg 600w\" sizes=\"(max-width: 600px) 100vw, 600px\" \/><\/a><p id=\"caption-attachment-3094\" class=\"wp-caption-text\">Dehesa de Salvale\u00f3n:: HOY<\/p><\/div>\n<p><strong>Salvale\u00f3n<\/strong> acoger\u00e1 el 8 de febrero la <strong>Ruta de los Buitres<\/strong>. Se trata de una caminanta de 20 kil\u00f3metros en la que los participantes disfrutar\u00e1n de muy buenas vistas, subidas y bajadas considerables, y sobre todo dde una naturaleza en estado puro en el coraz\u00f3n de la dehesa.\u00a0 La asociaci\u00f3n de <a href=\"http:\/\/senderismosalvaleon.blogspot.com.es\/\" target=\"_blank\" rel=\"external nofollow\"><strong>Senderismo Salvale\u00f3n<\/strong><\/a> confirma que ya se han realizado m\u00e1s de 200 inscripciones para esta ruta gratuita. La marcha arrancar\u00e1 a las nueve de la ma\u00f1ana en la plaza de la localidad pacense. Tanto la ruta como la garbanzada final no conllevan ning\u00fan coste, informan desde la organizaci\u00f3n. <!--more--><\/p>\n<p>Para inscribirse hay que rellenar una ficha <a href=\"http:\/\/senderismosalvaleon.blogspot.com.es\/\" target=\"_blank\" rel=\"external nofollow\"><strong>disponible en la web del club<\/strong><\/a>. En el caso de grandes grupos organizados los interesados deben contactar con los organizadores a trav\u00e9 de senderismosalvaleon@gmail.com o en el m\u00f3vil 666612175.<\/p>\n<!-- AddThis Advanced Settings generic via filter on the_content --><!-- AddThis Share Buttons generic via filter on the_content -->","protected":false},"excerpt":{"rendered":"<p>Salvale\u00f3n acoger\u00e1 el 8 de febrero la Ruta de los Buitres. Se trata de una caminanta de 20 kil\u00f3metros en la que los participantes disfrutar\u00e1n de muy buenas vistas, subidas y bajadas considerables, y sobre todo dde una naturaleza en estado puro en el coraz\u00f3n de la dehesa.\u00a0 La asociaci\u00f3n de Senderismo Salvale\u00f3n confirma que [&hellip;]<!-- AddThis Advanced Settings generic via filter on get_the_excerpt --><!-- AddThis Share Buttons generic via filter on get_the_excerpt --><\/p>\n","protected":false},"author":27,"featured_media":0,"comment_status":"open","ping_status":"closed","sticky":false,"template":"","format":"standard","meta":[],"categories":[4],"tags":[731,817,884,917],"_links":{"self":[{"href":"https:\/\/blogs.hoy.es\/senderosextremadura\/wp-json\/wp\/v2\/posts\/3092"}],"collection":[{"href":"https:\/\/blogs.hoy.es\/senderosextremadura\/wp-json\/wp\/v2\/posts"}],"about":[{"href":"https:\/\/blogs.hoy.es\/senderosextremadura\/wp-json\/wp\/v2\/types\/post"}],"author":[{"embeddable":true,"href":"https:\/\/blogs.hoy.es\/senderosextremadura\/wp-json\/wp\/v2\/users\/27"}],"replies":[{"embeddable":true,"href":"https:\/\/blogs.hoy.es\/senderosextremadura\/wp-json\/wp\/v2\/comments?post=3092"}],"version-history":[{"count":0,"href":"https:\/\/blogs.hoy.es\/senderosextremadura\/wp-json\/wp\/v2\/posts\/3092\/revisions"}],"wp:attachment":[{"href":"https:\/\/blogs.hoy.es\/senderosextremadura\/wp-json\/wp\/v2\/media?parent=3092"}],"wp:term":[{"taxonomy":"category","embeddable":true,"href":"https:\/\/blogs.hoy.es\/senderosextremadura\/wp-json\/wp\/v2\/categories?post=3092"},{"taxonomy":"post_tag","embeddable":true,"href":"https:\/\/blogs.hoy.es\/senderosextremadura\/wp-json\/wp\/v2\/tags?post=3092"}],"curies":[{"name":"wp","href":"https:\/\/api.w.org\/{rel}","templated":true}]}}