{"id":310,"date":"2012-03-31T22:16:46","date_gmt":"2012-03-31T22:16:46","guid":{"rendered":"http:\/\/blogs.hoy.es\/senderosextremadura\/?p=310"},"modified":"2012-03-31T22:16:46","modified_gmt":"2012-03-31T22:16:46","slug":"ruta-hasta-la-terrona-con-fiesta-de-convivencia-7-de-abril","status":"publish","type":"post","link":"https:\/\/blogs.hoy.es\/senderosextremadura\/2012\/03\/31\/ruta-hasta-la-terrona-con-fiesta-de-convivencia-7-de-abril\/","title":{"rendered":"Ruta hasta &#039;La Terrona&#039; con fiesta de convivencia (7 de abril)"},"content":{"rendered":"<h2><a href=\"\/senderosextremadura\/wp-content\/uploads\/sites\/22\/2012\/03\/terrona.jpg\"><img loading=\"lazy\" class=\"aligncenter size-full wp-image-311\" title=\"terrona\" src=\"\/senderosextremadura\/wp-content\/uploads\/sites\/22\/2012\/03\/terrona.jpg\" alt=\"\" width=\"600\" height=\"450\" srcset=\"https:\/\/static-blogs.hoy.es\/wp-content\/uploads\/sites\/22\/2012\/03\/terrona.jpg 600w, https:\/\/static-blogs.hoy.es\/wp-content\/uploads\/sites\/22\/2012\/03\/terrona-300x225.jpg 300w\" sizes=\"(max-width: 600px) 100vw, 600px\" \/><\/a><\/h2>\n<h2>La comarca <strong><a href=\"http:\/\/www.adismonta.com\/\" target=\"_blank\" rel=\"external nofollow\">Sierra de Mont\u00e1nchez-Tamuja<\/a><\/strong> recibe al caminante con paisajes adehesados que guardan una joya natural de Extremadura: la encina <strong>La Terrona<\/strong>. Se calcula que este imponente <strong><a href=\"http:\/\/www.hoy.es\/multimedia\/fotos\/ultimos\/89822-arboles-singulares-extremadura-0.html\" target=\"_blank\" rel=\"external nofollow\">\u00e1rbol singular<\/a><\/strong>\u00a0tiene nada menos que 800 a\u00f1os de historia. La caminata para admirar este singular ejemplar, considerado el mayor de su especie en Espa\u00f1a, se celebrar\u00e1 el pr\u00f3ximo domingo 7 de abril. De m\u00e1s de 16 metros de altura, se localiza en la finca &#8220;La Dehesa&#8221; de Zarza de Mont\u00e1nchez, localidad que acoge la marcha perteneciente al <strong>Circuito Extreme\u00f1o de Rutas Senderistas &#8211;<a href=\"https:\/\/blogs.hoy.es\/senderosextremadura\/2012\/02\/23\/calendario-del-circuito-extremeno-de-rutas-senderistas\/\" target=\"_blank\">ver todas las rutas<\/a>&#8211;<\/strong><\/h2>\n<h2>Para enriquecer la convivencia, el Ayuntamiento de Zarza de Mont\u00e1nchez har\u00e1 coincidir esta ruta con una romer\u00eda de Semana Santa.<\/h2>\n<h2>La ruta recorrer\u00e1 sierra y llano, con salida desde la nave municipal hacia la sierra, a las 9 de la ma\u00f1ana. Se asciende \u00a0a los tambores, para bajar despu\u00e9s al pantano y descender por los llanos de la dehesa para localizar la encina Terrona. La marcha finalizar con la Romer\u00eda de la Virgen de F\u00e1tima y una comida campestre de convivencia.<\/h2>\n<h2>Las personas que no deseen recorrer los\u00a0<strong>18 kil\u00f3metros<\/strong> de trayecto podr\u00e1n regresar al municipio a la altura del pantano o por los molinos.<\/h2>\n<h2>Para finalizar la jornada con la entrega del dorsal, se sortear\u00e1n utensilios propios del senderismo y productos extreme\u00f1os. Para ello ser\u00e1 imprescindible que cada participante est\u00e9 inscrito previamente, plazo l\u00edmite hasta el 2 de abril, de este modo se podr\u00e1 garantizar la reserva de las comidas previstas.<\/h2>\n<h2>Para los m\u00e1s animados, y los que sigan con fuerzas, la fiesta continuar\u00e1 con una verbena organizada por el consistorio.<\/h2>\n<h2>Las inscripciones se podr\u00e1n llevar a cabo con la hoja de inscripci\u00f3n en el correo electr\u00f3nico <strong><a href=\"mailto:senderolaterrona@hotmail.com\" target=\"_blank\">senderolaterrona@hotmail.com<\/a><\/strong> , o en el 927312762, o el tel\u00e9fono m\u00f3vil 669787743.<\/h2>\n<!-- AddThis Advanced Settings generic via filter on the_content --><!-- AddThis Share Buttons generic via filter on the_content -->","protected":false},"excerpt":{"rendered":"<p>La comarca Sierra de Mont\u00e1nchez-Tamuja recibe al caminante con paisajes adehesados que guardan una joya natural de Extremadura: la encina La Terrona. Se calcula que este imponente \u00e1rbol singular\u00a0tiene nada menos que 800 a\u00f1os de historia. La caminata para admirar este singular ejemplar, considerado el mayor de su especie en Espa\u00f1a, se celebrar\u00e1 el pr\u00f3ximo [&hellip;]<!-- AddThis Advanced Settings generic via filter on get_the_excerpt --><!-- AddThis Share Buttons generic via filter on get_the_excerpt --><\/p>\n","protected":false},"author":27,"featured_media":0,"comment_status":"open","ping_status":"closed","sticky":false,"template":"","format":"standard","meta":[],"categories":[4],"tags":[121,522,906,1008,1016],"_links":{"self":[{"href":"https:\/\/blogs.hoy.es\/senderosextremadura\/wp-json\/wp\/v2\/posts\/310"}],"collection":[{"href":"https:\/\/blogs.hoy.es\/senderosextremadura\/wp-json\/wp\/v2\/posts"}],"about":[{"href":"https:\/\/blogs.hoy.es\/senderosextremadura\/wp-json\/wp\/v2\/types\/post"}],"author":[{"embeddable":true,"href":"https:\/\/blogs.hoy.es\/senderosextremadura\/wp-json\/wp\/v2\/users\/27"}],"replies":[{"embeddable":true,"href":"https:\/\/blogs.hoy.es\/senderosextremadura\/wp-json\/wp\/v2\/comments?post=310"}],"version-history":[{"count":0,"href":"https:\/\/blogs.hoy.es\/senderosextremadura\/wp-json\/wp\/v2\/posts\/310\/revisions"}],"wp:attachment":[{"href":"https:\/\/blogs.hoy.es\/senderosextremadura\/wp-json\/wp\/v2\/media?parent=310"}],"wp:term":[{"taxonomy":"category","embeddable":true,"href":"https:\/\/blogs.hoy.es\/senderosextremadura\/wp-json\/wp\/v2\/categories?post=310"},{"taxonomy":"post_tag","embeddable":true,"href":"https:\/\/blogs.hoy.es\/senderosextremadura\/wp-json\/wp\/v2\/tags?post=310"}],"curies":[{"name":"wp","href":"https:\/\/api.w.org\/{rel}","templated":true}]}}