{"id":3101,"date":"2015-01-29T10:44:14","date_gmt":"2015-01-29T10:44:14","guid":{"rendered":"http:\/\/blogs.hoy.es\/senderosextremadura\/?p=3101"},"modified":"2015-01-29T10:44:14","modified_gmt":"2015-01-29T10:44:14","slug":"cornalvo-celebra-el-dia-de-los-humedales-con-una-ruta-8-de-febrero","status":"publish","type":"post","link":"https:\/\/blogs.hoy.es\/senderosextremadura\/2015\/01\/29\/cornalvo-celebra-el-dia-de-los-humedales-con-una-ruta-8-de-febrero\/","title":{"rendered":"Cornalvo celebra el D\u00eda de los Humedales con una ruta (8 de febrero)"},"content":{"rendered":"<div id=\"attachment_3102\" style=\"width: 478px\" class=\"wp-caption aligncenter\"><a href=\"https:\/\/blogs.hoy.es\/senderosextremadura\/\"><img aria-describedby=\"caption-attachment-3102\" loading=\"lazy\" class=\" wp-image-3102\" title=\"\" src=\"\/senderosextremadura\/wp-content\/uploads\/sites\/22\/2015\/01\/HF06R6D1.jpg\" alt=\"\" width=\"468\" height=\"313\" srcset=\"https:\/\/static-blogs.hoy.es\/wp-content\/uploads\/sites\/22\/2015\/01\/HF06R6D1.jpg 1340w, https:\/\/static-blogs.hoy.es\/wp-content\/uploads\/sites\/22\/2015\/01\/HF06R6D1-300x201.jpg 300w, https:\/\/static-blogs.hoy.es\/wp-content\/uploads\/sites\/22\/2015\/01\/HF06R6D1-768x516.jpg 768w, https:\/\/static-blogs.hoy.es\/wp-content\/uploads\/sites\/22\/2015\/01\/HF06R6D1-600x403.jpg 600w\" sizes=\"(max-width: 468px) 100vw, 468px\" \/><\/a><p id=\"caption-attachment-3102\" class=\"wp-caption-text\">Parque de Cornalvo:: HOY<\/p><\/div>\n<p>El pr\u00f3ximo domingo 8 de febrero, con motivo del D\u00eda Mundial de los Humedales 2015, el Parque Natural de Cornalvo ha organizado una jornada de puertas abiertas para dar a conocer la importancia de este tipo de ecosistemas. <!--more-->La actividad se combinar\u00e1 una ruta senderista alrededor del embalse. El recorrido de 7 kil\u00f3metros muy propicio para la observaci\u00f3n de avifauna. La actividad dar\u00e1 comienzo a las 10.00h en el Centro de Interpretaci\u00f3n y finalizar\u00e1 aproximadamente a las 14.00h. Es totalmente gratuita y est\u00e1 abierta a cualquier p\u00fablico interesado en la conservaci\u00f3n de la naturaleza.<br \/>\nPara m\u00e1s informaci\u00f3n, llamar al tel\u00e9fono 924 32 74 00.<\/p>\n<!-- AddThis Advanced Settings generic via filter on the_content --><!-- AddThis Share Buttons generic via filter on the_content -->","protected":false},"excerpt":{"rendered":"<p>El pr\u00f3ximo domingo 8 de febrero, con motivo del D\u00eda Mundial de los Humedales 2015, el Parque Natural de Cornalvo ha organizado una jornada de puertas abiertas para dar a conocer la importancia de este tipo de ecosistemas.<!-- AddThis Advanced Settings generic via filter on get_the_excerpt --><!-- AddThis Share Buttons generic via filter on get_the_excerpt --><\/p>\n","protected":false},"author":27,"featured_media":0,"comment_status":"open","ping_status":"closed","sticky":false,"template":"","format":"standard","meta":[],"categories":[4],"tags":[263,766,910],"_links":{"self":[{"href":"https:\/\/blogs.hoy.es\/senderosextremadura\/wp-json\/wp\/v2\/posts\/3101"}],"collection":[{"href":"https:\/\/blogs.hoy.es\/senderosextremadura\/wp-json\/wp\/v2\/posts"}],"about":[{"href":"https:\/\/blogs.hoy.es\/senderosextremadura\/wp-json\/wp\/v2\/types\/post"}],"author":[{"embeddable":true,"href":"https:\/\/blogs.hoy.es\/senderosextremadura\/wp-json\/wp\/v2\/users\/27"}],"replies":[{"embeddable":true,"href":"https:\/\/blogs.hoy.es\/senderosextremadura\/wp-json\/wp\/v2\/comments?post=3101"}],"version-history":[{"count":0,"href":"https:\/\/blogs.hoy.es\/senderosextremadura\/wp-json\/wp\/v2\/posts\/3101\/revisions"}],"wp:attachment":[{"href":"https:\/\/blogs.hoy.es\/senderosextremadura\/wp-json\/wp\/v2\/media?parent=3101"}],"wp:term":[{"taxonomy":"category","embeddable":true,"href":"https:\/\/blogs.hoy.es\/senderosextremadura\/wp-json\/wp\/v2\/categories?post=3101"},{"taxonomy":"post_tag","embeddable":true,"href":"https:\/\/blogs.hoy.es\/senderosextremadura\/wp-json\/wp\/v2\/tags?post=3101"}],"curies":[{"name":"wp","href":"https:\/\/api.w.org\/{rel}","templated":true}]}}