{"id":3106,"date":"2015-02-03T13:35:14","date_gmt":"2015-02-03T13:35:14","guid":{"rendered":"http:\/\/blogs.hoy.es\/senderosextremadura\/?p=3106"},"modified":"2015-02-03T13:35:14","modified_gmt":"2015-02-03T13:35:14","slug":"recorrido-por-el-cerro-de-la-mora-con-garbanzada-final-15-de-febrero","status":"publish","type":"post","link":"https:\/\/blogs.hoy.es\/senderosextremadura\/2015\/02\/03\/recorrido-por-el-cerro-de-la-mora-con-garbanzada-final-15-de-febrero\/","title":{"rendered":"Recorrido por el Cerro de la Mora con garbanzada final (15 de febrero)"},"content":{"rendered":"<p>Cheles ha organizado una ruta senderista que tendr\u00e1 lugar el pr\u00f3ximo 15 de febrero. La marcha programada por la localidad pacense de la Raya hispano-lusa discurrir\u00e1 por el Cerro de la Mora. Tendr\u00e1 un recorrido de unos 15 kil\u00f3metros en parajes pr\u00f3ximos al gran lago de Alqueva. Los participantes iniciar\u00e1n la marcha a las diez y media de la ma\u00f1ana desde el bar Casino. Al final de la caminata habr\u00e1 garbanzada para todas las personas que se inscriban a trav\u00e9s del mail mialquevaentretenida@gmail.com. <!--more--><\/p>\n<p>&nbsp;<\/p>\n<p><a href=\"https:\/\/blogs.hoy.es\/senderosextremadura\/\"><img loading=\"lazy\" class=\"aligncenter  wp-image-3107\" title=\"\" src=\"\/senderosextremadura\/wp-content\/uploads\/sites\/22\/2015\/02\/cheles.jpg\" alt=\"\" width=\"464\" height=\"347\" srcset=\"https:\/\/static-blogs.hoy.es\/wp-content\/uploads\/sites\/22\/2015\/02\/cheles.jpg 896w, https:\/\/static-blogs.hoy.es\/wp-content\/uploads\/sites\/22\/2015\/02\/cheles-300x225.jpg 300w, https:\/\/static-blogs.hoy.es\/wp-content\/uploads\/sites\/22\/2015\/02\/cheles-768x576.jpg 768w, https:\/\/static-blogs.hoy.es\/wp-content\/uploads\/sites\/22\/2015\/02\/cheles-600x450.jpg 600w\" sizes=\"(max-width: 464px) 100vw, 464px\" \/><\/a><\/p>\n<!-- AddThis Advanced Settings generic via filter on the_content --><!-- AddThis Share Buttons generic via filter on the_content -->","protected":false},"excerpt":{"rendered":"<p>Cheles ha organizado una ruta senderista que tendr\u00e1 lugar el pr\u00f3ximo 15 de febrero. La marcha programada por la localidad pacense de la Raya hispano-lusa discurrir\u00e1 por el Cerro de la Mora. Tendr\u00e1 un recorrido de unos 15 kil\u00f3metros en parajes pr\u00f3ximos al gran lago de Alqueva. Los participantes iniciar\u00e1n la marcha a las diez [&hellip;]<!-- AddThis Advanced Settings generic via filter on get_the_excerpt --><!-- AddThis Share Buttons generic via filter on get_the_excerpt --><\/p>\n","protected":false},"author":27,"featured_media":0,"comment_status":"open","ping_status":"closed","sticky":false,"template":"","format":"standard","meta":[],"categories":[4],"tags":[199,204,799,906,944],"_links":{"self":[{"href":"https:\/\/blogs.hoy.es\/senderosextremadura\/wp-json\/wp\/v2\/posts\/3106"}],"collection":[{"href":"https:\/\/blogs.hoy.es\/senderosextremadura\/wp-json\/wp\/v2\/posts"}],"about":[{"href":"https:\/\/blogs.hoy.es\/senderosextremadura\/wp-json\/wp\/v2\/types\/post"}],"author":[{"embeddable":true,"href":"https:\/\/blogs.hoy.es\/senderosextremadura\/wp-json\/wp\/v2\/users\/27"}],"replies":[{"embeddable":true,"href":"https:\/\/blogs.hoy.es\/senderosextremadura\/wp-json\/wp\/v2\/comments?post=3106"}],"version-history":[{"count":0,"href":"https:\/\/blogs.hoy.es\/senderosextremadura\/wp-json\/wp\/v2\/posts\/3106\/revisions"}],"wp:attachment":[{"href":"https:\/\/blogs.hoy.es\/senderosextremadura\/wp-json\/wp\/v2\/media?parent=3106"}],"wp:term":[{"taxonomy":"category","embeddable":true,"href":"https:\/\/blogs.hoy.es\/senderosextremadura\/wp-json\/wp\/v2\/categories?post=3106"},{"taxonomy":"post_tag","embeddable":true,"href":"https:\/\/blogs.hoy.es\/senderosextremadura\/wp-json\/wp\/v2\/tags?post=3106"}],"curies":[{"name":"wp","href":"https:\/\/api.w.org\/{rel}","templated":true}]}}