{"id":3112,"date":"2015-02-05T08:21:03","date_gmt":"2015-02-05T08:21:03","guid":{"rendered":"http:\/\/blogs.hoy.es\/senderosextremadura\/?p=3112"},"modified":"2015-02-05T08:21:03","modified_gmt":"2015-02-05T08:21:03","slug":"la-ii-ruta-medioambiental-del-guadiana-parte-de-la-plaza-alta-8-de-febrero","status":"publish","type":"post","link":"https:\/\/blogs.hoy.es\/senderosextremadura\/2015\/02\/05\/la-ii-ruta-medioambiental-del-guadiana-parte-de-la-plaza-alta-8-de-febrero\/","title":{"rendered":"La II Ruta medioambiental del Guadiana visita el puente de Cantillana (8 de febrero)"},"content":{"rendered":"<div class=\"mceTemp mceIEcenter\" style=\"text-align: center;\">\n<dl id=\"attachment_3114\" class=\"wp-caption aligncenter\" style=\"width: 285px;\">\n<dt class=\"wp-caption-dt\"><a href=\"https:\/\/blogs.hoy.es\/senderosextremadura\/\"><img loading=\"lazy\" class=\"size-full wp-image-3114\" title=\"\" src=\"\/senderosextremadura\/wp-content\/uploads\/sites\/22\/2015\/02\/puente.jpg\" alt=\"\" width=\"275\" height=\"183\" \/><\/a><\/dt>\n<dd class=\"wp-caption-dd\">Puente de Cantillana.<\/dd>\n<\/dl>\n<\/div>\n<p>ZONAVIAJE\u00a0 ha organizado la <strong>II Ruta medioambiental del Guadiana<\/strong>. La marcha tendr\u00e1 lugar el pr\u00f3ximo 8 de febrero, con salida a las diez de la ma\u00f1ana desde la Plaza Alta de Badajoz, punto de finalizaci\u00f3n, en torno a las dos del mediod\u00eda. Con un trayecto de 14 kil\u00f3metros y dificultad baja, la ruta contar\u00e1 con gu\u00edas medioambientales y tur\u00edsticos, que acompa\u00f1ar\u00e1n a los caminantes hasta el puente de Cantillana, popularmente conocido como el &#8216;del r\u00edo G\u00e9vora&#8217;.<!--more--><\/p>\n<p>La inscripci\u00f3n\u00a0 tiene un precio de 4 euros (incluye seguro) y puede realizarse hasta el viernes 6 de febrero a <a href=\" http:\/\/tinyurl.com\/neqaz3o\" target=\"_blank\"><strong>trav\u00e9s de este link.<\/strong> <\/a><\/p>\n<p><strong>Descripci\u00f3n de la marcha<\/strong><\/p>\n<p>La ruta que comienza en la Plaza Alta de Badajoz, desde la que descenderemos hacia el Puente de la Autonom\u00eda, que atravesaremos para tomar el Camino Natural del Guadiana en direcci\u00f3n a G\u00e9vora hasta llegar al Puente de Cantillana. En este punto realizaremos una parada de avituallamiento. Desde el Puente de Cantillana regresaremos en direcci\u00f3n al Fuerte de San Cristobal al que dedicaremos una r\u00e1pida visita. Desde aqu\u00ed partiremos hacia la Plaza Alta, donde finalizaremos nuestra Ruta. Durante el trayecto, realizaremos paradas t\u00e9cnicas para avituallamiento y escuchar las observaciones de nuestros Gu\u00edas Medioambientales y Gu\u00edas Tur\u00edsticos.<\/p>\n<p>Al finalizar la Ruta Mediomabiental l@s participantes tendr\u00e1n la oportunidad de confraternirzar en los Bares y Restaurantes del Casco Antiguo de Badajoz.<\/p>\n<p>EQUIPO RECOMENDADO<br \/>\n&#8211; Chaqueta Impermeable y\/o Paraguas<br \/>\n&#8211; Botas Gore-Tex o Resistentes al agua<br \/>\n&#8211; Vestimenta c\u00f3moda para caminar<br \/>\n&#8211; Binocular<br \/>\n&#8211; Fruta y\/o frutos secos<\/p>\n<p>INFORMACI\u00d3N<br \/>\nZONAVIAJE.COM<br \/>\nCIEx: 06-210m<br \/>\nC\/ Menacho, 44<br \/>\n06001 Badajoz<br \/>\nEspa\u00f1a<br \/>\nTlf: +34 924 262 762<br \/>\nE-mail: info@zonaviaje.com<\/p>\n<!-- AddThis Advanced Settings generic via filter on the_content --><!-- AddThis Share Buttons generic via filter on the_content -->","protected":false},"excerpt":{"rendered":"<p>Puente de Cantillana. ZONAVIAJE\u00a0 ha organizado la II Ruta medioambiental del Guadiana. La marcha tendr\u00e1 lugar el pr\u00f3ximo 8 de febrero, con salida a las diez de la ma\u00f1ana desde la Plaza Alta de Badajoz, punto de finalizaci\u00f3n, en torno a las dos del mediod\u00eda. Con un trayecto de 14 kil\u00f3metros y dificultad baja, la [&hellip;]<!-- AddThis Advanced Settings generic via filter on get_the_excerpt --><!-- AddThis Share Buttons generic via filter on get_the_excerpt --><\/p>\n","protected":false},"author":27,"featured_media":0,"comment_status":"open","ping_status":"closed","sticky":false,"template":"","format":"standard","meta":[],"categories":[4],"tags":[299,663,694,755,817,906,944],"_links":{"self":[{"href":"https:\/\/blogs.hoy.es\/senderosextremadura\/wp-json\/wp\/v2\/posts\/3112"}],"collection":[{"href":"https:\/\/blogs.hoy.es\/senderosextremadura\/wp-json\/wp\/v2\/posts"}],"about":[{"href":"https:\/\/blogs.hoy.es\/senderosextremadura\/wp-json\/wp\/v2\/types\/post"}],"author":[{"embeddable":true,"href":"https:\/\/blogs.hoy.es\/senderosextremadura\/wp-json\/wp\/v2\/users\/27"}],"replies":[{"embeddable":true,"href":"https:\/\/blogs.hoy.es\/senderosextremadura\/wp-json\/wp\/v2\/comments?post=3112"}],"version-history":[{"count":0,"href":"https:\/\/blogs.hoy.es\/senderosextremadura\/wp-json\/wp\/v2\/posts\/3112\/revisions"}],"wp:attachment":[{"href":"https:\/\/blogs.hoy.es\/senderosextremadura\/wp-json\/wp\/v2\/media?parent=3112"}],"wp:term":[{"taxonomy":"category","embeddable":true,"href":"https:\/\/blogs.hoy.es\/senderosextremadura\/wp-json\/wp\/v2\/categories?post=3112"},{"taxonomy":"post_tag","embeddable":true,"href":"https:\/\/blogs.hoy.es\/senderosextremadura\/wp-json\/wp\/v2\/tags?post=3112"}],"curies":[{"name":"wp","href":"https:\/\/api.w.org\/{rel}","templated":true}]}}