{"id":3115,"date":"2015-02-05T08:34:15","date_gmt":"2015-02-05T08:34:15","guid":{"rendered":"http:\/\/blogs.hoy.es\/senderosextremadura\/?p=3115"},"modified":"2015-02-05T08:34:15","modified_gmt":"2015-02-05T08:34:15","slug":"arrancan-los-actos-en-torno-a-la-ruta-del-emperador-carlos-v","status":"publish","type":"post","link":"https:\/\/blogs.hoy.es\/senderosextremadura\/2015\/02\/05\/arrancan-los-actos-en-torno-a-la-ruta-del-emperador-carlos-v\/","title":{"rendered":"Arrancan en La Vera los actos de la Ruta del Emperador"},"content":{"rendered":"<p><a href=\"https:\/\/blogs.hoy.es\/senderosextremadura\/2015\/02\/05\/arrancan-los-actos-en-torno-a-la-ruta-del-emperador-carlos-v\/docu_hoy-6\/\" rel=\"attachment wp-att-3117\"><img loading=\"lazy\" class=\"aligncenter  wp-image-3117\" title=\"\" src=\"\/senderosextremadura\/wp-content\/uploads\/sites\/22\/2015\/02\/HF07E3F1_1.jpg\" alt=\"\" width=\"450\" height=\"337\" srcset=\"https:\/\/static-blogs.hoy.es\/wp-content\/uploads\/sites\/22\/2015\/02\/HF07E3F1_1.jpg 1200w, https:\/\/static-blogs.hoy.es\/wp-content\/uploads\/sites\/22\/2015\/02\/HF07E3F1_1-300x225.jpg 300w, https:\/\/static-blogs.hoy.es\/wp-content\/uploads\/sites\/22\/2015\/02\/HF07E3F1_1-768x576.jpg 768w, https:\/\/static-blogs.hoy.es\/wp-content\/uploads\/sites\/22\/2015\/02\/HF07E3F1_1-600x450.jpg 600w\" sizes=\"(max-width: 450px) 100vw, 450px\" \/><\/a><\/p>\n<p>Este viernes se inician en la comarca de La Vera los actos conmemorativos de la<a href=\"http:\/\/www.hoy.es\/prov-caceres\/201501\/25\/ruta-emperador-reunira-miles-20150125003215-v.html\" rel=\"external nofollow\"> <strong>Ruta del Emperador 2015<\/strong><\/a>, declarada Fiesta de Inter\u00e9s Tur\u00edstico Regional en 2011, con la inauguraci\u00f3n del mercado renacentista, por la tarde, en Aldeanueva de la Vera, continuando al d\u00eda siguiente, s\u00e1bado, con la <strong>XV Ruta del Emperador Senderista<\/strong>, entre Jarandilla y Yuste, culminando el siguiente fin de semana con la <strong>XIII Ruta del Emperador Ecuestre<\/strong>.<!--more--><\/p>\n<p>\u00abDe manera paralela, se desarrollar\u00e1n un gran n\u00famero de actividades, tales como talleres de escritura antigua y de percusi\u00f3n, actuaciones musicales y mercados artesanales renacentistas, en los cuales, tanto los caminantes como todas las personas que nos visiten y oriundos, podr\u00e1n disfrutar y degustar los productos t\u00edpicos de nuestra comarca y zonas lim\u00edtrofes, elaborados de forma artesanal\u00bb, se\u00f1ala Quint\u00edn Correas, gerente de Adicover (Asociaci\u00f3n para el Desarrollo Integral de la Vera), que organiza conjuntamente con la Mancomunidad Intermunicipal de la Vera las rutas, financiado a trav\u00e9s del programa de desarrollo comarca Enfoque Leader.<\/p>\n<p>\u00abDebemos hacer una menci\u00f3n importante -a\u00f1ade Correas- a las personas, colectivos locales y comarcales que colaboran para que este evento pueda realizarse, ya que sin ellos no ser\u00eda posible, desde las asociaciones de mujeres, j\u00f3venes, grupos de folklore, teatro amateur, sin olvidarnos de la labor que lleva a cabo Protecci\u00f3n Civil, Cruz Roja y Guardia Civil, entre otros\u00bb, concluye.<\/p>\n<p>Consulta <a href=\"http:\/\/www.mancomunidaddelavera.es\/index.php\/actualidad\/tablon-de-anuncios\/23-ruta-del-emperador-2015\" target=\"_blank\" rel=\"external nofollow\"><strong>aqu\u00ed todo el programa<\/strong><\/a>.<\/p>\n<p>Fuente: P.D. Samino, HOY Jara\u00edz<\/p>\n<!-- AddThis Advanced Settings generic via filter on the_content --><!-- AddThis Share Buttons generic via filter on the_content -->","protected":false},"excerpt":{"rendered":"<p>Este viernes se inician en la comarca de La Vera los actos conmemorativos de la Ruta del Emperador 2015, declarada Fiesta de Inter\u00e9s Tur\u00edstico Regional en 2011, con la inauguraci\u00f3n del mercado renacentista, por la tarde, en Aldeanueva de la Vera, continuando al d\u00eda siguiente, s\u00e1bado, con la XV Ruta del Emperador Senderista, entre Jarandilla [&hellip;]<!-- AddThis Advanced Settings generic via filter on get_the_excerpt --><!-- AddThis Share Buttons generic via filter on get_the_excerpt --><\/p>\n","protected":false},"author":27,"featured_media":0,"comment_status":"open","ping_status":"closed","sticky":false,"template":"","format":"standard","meta":[],"categories":[4],"tags":[413,434,745,821,1111],"_links":{"self":[{"href":"https:\/\/blogs.hoy.es\/senderosextremadura\/wp-json\/wp\/v2\/posts\/3115"}],"collection":[{"href":"https:\/\/blogs.hoy.es\/senderosextremadura\/wp-json\/wp\/v2\/posts"}],"about":[{"href":"https:\/\/blogs.hoy.es\/senderosextremadura\/wp-json\/wp\/v2\/types\/post"}],"author":[{"embeddable":true,"href":"https:\/\/blogs.hoy.es\/senderosextremadura\/wp-json\/wp\/v2\/users\/27"}],"replies":[{"embeddable":true,"href":"https:\/\/blogs.hoy.es\/senderosextremadura\/wp-json\/wp\/v2\/comments?post=3115"}],"version-history":[{"count":0,"href":"https:\/\/blogs.hoy.es\/senderosextremadura\/wp-json\/wp\/v2\/posts\/3115\/revisions"}],"wp:attachment":[{"href":"https:\/\/blogs.hoy.es\/senderosextremadura\/wp-json\/wp\/v2\/media?parent=3115"}],"wp:term":[{"taxonomy":"category","embeddable":true,"href":"https:\/\/blogs.hoy.es\/senderosextremadura\/wp-json\/wp\/v2\/categories?post=3115"},{"taxonomy":"post_tag","embeddable":true,"href":"https:\/\/blogs.hoy.es\/senderosextremadura\/wp-json\/wp\/v2\/tags?post=3115"}],"curies":[{"name":"wp","href":"https:\/\/api.w.org\/{rel}","templated":true}]}}