{"id":313,"date":"2012-04-02T10:36:27","date_gmt":"2012-04-02T10:36:27","guid":{"rendered":"http:\/\/blogs.hoy.es\/senderosextremadura\/?p=313"},"modified":"2012-04-02T10:36:27","modified_gmt":"2012-04-02T10:36:27","slug":"recorrido-por-el-valle-de-xalima-galeria-de-fotos","status":"publish","type":"post","link":"https:\/\/blogs.hoy.es\/senderosextremadura\/2012\/04\/02\/recorrido-por-el-valle-de-xalima-galeria-de-fotos\/","title":{"rendered":"Recorrido por el Valle de X\u00e1lima (galer\u00eda de fotos)"},"content":{"rendered":"<h2><a href=\"\/senderosextremadura\/wp-content\/uploads\/sites\/22\/2012\/04\/xalima.jpg\"><img loading=\"lazy\" class=\"size-full wp-image-314 alignleft\" title=\"xalima\" src=\"\/senderosextremadura\/wp-content\/uploads\/sites\/22\/2012\/04\/xalima.jpg\" alt=\"\" width=\"390\" height=\"180\" srcset=\"https:\/\/static-blogs.hoy.es\/wp-content\/uploads\/sites\/22\/2012\/04\/xalima.jpg 390w, https:\/\/static-blogs.hoy.es\/wp-content\/uploads\/sites\/22\/2012\/04\/xalima-300x138.jpg 300w\" sizes=\"(max-width: 390px) 100vw, 390px\" \/><\/a>40 personas realizaron con Explorer la ruta que propusimos en Senderos de Extremadura por los pueblos cacere\u00f1os de &#8216;A fala&#8217;. Javi G\u00f3mez E. nos ha facilitado im\u00e1genes del recorrido para que todos los lectores disfruten de los bellos paisajes de la zona y de la arquitectura popular de tres hermosos pueblos extreme\u00f1os:<\/h2>\n<h2><a href=\"\/senderosextremadura\/wp-content\/uploads\/sites\/22\/2012\/04\/sentados1.jpg\"><img loading=\"lazy\" class=\"alignleft size-full wp-image-317\" title=\"sentados\" src=\"\/senderosextremadura\/wp-content\/uploads\/sites\/22\/2012\/04\/sentados1.jpg\" alt=\"\" width=\"386\" height=\"289\" srcset=\"https:\/\/static-blogs.hoy.es\/wp-content\/uploads\/sites\/22\/2012\/04\/sentados1.jpg 480w, https:\/\/static-blogs.hoy.es\/wp-content\/uploads\/sites\/22\/2012\/04\/sentados1-300x225.jpg 300w\" sizes=\"(max-width: 386px) 100vw, 386px\" \/><\/a><\/h2>\n<h2>Valverde del Fresno, Eljas y San Mart\u00edn de Trevejo,\u00a0 en pleno Valle de<\/h2>\n<h2>X\u00e1lima. Aqu\u00ed puedes ver la <a href=\"http:\/\/www.hoy.es\/multimedia\/fotos\/ultimos\/96164-ruta-pueblos-fala-0.html\" rel=\"external nofollow\"><strong>galer\u00eda de im\u00e1genes.\u00a0<\/strong><\/a><\/h2>\n<p>&nbsp;<\/p>\n<!-- AddThis Advanced Settings generic via filter on the_content --><!-- AddThis Share Buttons generic via filter on the_content -->","protected":false},"excerpt":{"rendered":"<p>40 personas realizaron con Explorer la ruta que propusimos en Senderos de Extremadura por los pueblos cacere\u00f1os de &#8216;A fala&#8217;. Javi G\u00f3mez E. nos ha facilitado im\u00e1genes del recorrido para que todos los lectores disfruten de los bellos paisajes de la zona y de la arquitectura popular de tres hermosos pueblos extreme\u00f1os: Valverde del Fresno, [&hellip;]<!-- AddThis Advanced Settings generic via filter on get_the_excerpt --><!-- AddThis Share Buttons generic via filter on get_the_excerpt --><\/p>\n","protected":false},"author":27,"featured_media":0,"comment_status":"open","ping_status":"closed","sticky":false,"template":"","format":"standard","meta":[],"categories":[2],"tags":[121,305],"_links":{"self":[{"href":"https:\/\/blogs.hoy.es\/senderosextremadura\/wp-json\/wp\/v2\/posts\/313"}],"collection":[{"href":"https:\/\/blogs.hoy.es\/senderosextremadura\/wp-json\/wp\/v2\/posts"}],"about":[{"href":"https:\/\/blogs.hoy.es\/senderosextremadura\/wp-json\/wp\/v2\/types\/post"}],"author":[{"embeddable":true,"href":"https:\/\/blogs.hoy.es\/senderosextremadura\/wp-json\/wp\/v2\/users\/27"}],"replies":[{"embeddable":true,"href":"https:\/\/blogs.hoy.es\/senderosextremadura\/wp-json\/wp\/v2\/comments?post=313"}],"version-history":[{"count":0,"href":"https:\/\/blogs.hoy.es\/senderosextremadura\/wp-json\/wp\/v2\/posts\/313\/revisions"}],"wp:attachment":[{"href":"https:\/\/blogs.hoy.es\/senderosextremadura\/wp-json\/wp\/v2\/media?parent=313"}],"wp:term":[{"taxonomy":"category","embeddable":true,"href":"https:\/\/blogs.hoy.es\/senderosextremadura\/wp-json\/wp\/v2\/categories?post=313"},{"taxonomy":"post_tag","embeddable":true,"href":"https:\/\/blogs.hoy.es\/senderosextremadura\/wp-json\/wp\/v2\/tags?post=313"}],"curies":[{"name":"wp","href":"https:\/\/api.w.org\/{rel}","templated":true}]}}