{"id":3131,"date":"2015-02-11T19:35:16","date_gmt":"2015-02-11T19:35:16","guid":{"rendered":"http:\/\/blogs.hoy.es\/senderosextremadura\/?p=3131"},"modified":"2015-02-11T19:35:16","modified_gmt":"2015-02-11T19:35:16","slug":"jaraiz-celebrara-su-ruta-camino-de-la-ermita-de-la-dehesa-el-28-de-marzo","status":"publish","type":"post","link":"https:\/\/blogs.hoy.es\/senderosextremadura\/2015\/02\/11\/jaraiz-celebrara-su-ruta-camino-de-la-ermita-de-la-dehesa-el-28-de-marzo\/","title":{"rendered":"Jara\u00edz celebrar\u00e1 su ruta &#039;Camino de la Ermita de la Dehesa&#039; el 28 de marzo"},"content":{"rendered":"<div>\n<p>El d\u00eda 28 de marzo, a partir de las 10 horas,\u00a0 se celebrar\u00e1 el &#8216;V Cross Popular-Solidario y la II Ruta Senderista Camino de la Ermita de la Dehesa&#8217;, organizado por el CD Lanchacabrera y la Hermandad de la Virgen del Salobrar de Jara\u00edz de la Vera.<\/p>\n<p>Las inscripciones se pueden realizar, a trav\u00e9s de internet, desde el d\u00eda 13 de febrero hasta el d\u00eda 26 de marzo, en formulario existente en la <a href=\"http:\/\/caminoermitadehesa.blogspot.com.es\/\" target=\"_blank\" rel=\"external nofollow\"><strong>web de la organizaci\u00f3n;<\/strong><\/a>\u00a0 de forma presencial, el d\u00eda 27 de marzo, de 18 a 20h, en la casa parroquial de Santa Mar\u00eda; y hasta media hora antes del inicio de la prueba, el d\u00eda 28 de marzo. Tambi\u00e9n habr\u00e1 carreras para las categor\u00edas inferiores.<br \/>\nEl precio para participar en el cross es de 8 euros y en la ruta senderista de 5 euros. Tanto para las categor\u00edas inferiores como para aquellas personas que quieran inscribirse como colaboradores, el importe es de 3 euros. Los beneficios ser\u00e1n para C\u00e1ritas de Jara\u00edz.<\/p>\n<p>Como ya es tradicional, al finalizar la entrega de trofeos se realizar\u00e1 un estupendo sorteo de regalos, as\u00ed como una degustaci\u00f3n de dulces y refrescos ofrecido por la Hermandad.<\/p>\n<p>Toda la informaci\u00f3n acerca de las inscripciones, categor\u00edas, premios, bolsa del corredor, recorrido, etc., se puede ver en: <a href=\"http:\/\/caminoermitadehesa.blogspot.com.es\/\" target=\"_blank\" rel=\"external nofollow\"><strong>caminoermitadehesa.blogspot.com<\/strong><\/a>.<\/p>\n<p>Informa: Pedro Samino (HOY Jara\u00edz)<\/p>\n<p><a href=\"https:\/\/blogs.hoy.es\/senderosextremadura\/\"><img loading=\"lazy\" class=\"aligncenter  wp-image-3132\" title=\"\" src=\"\/senderosextremadura\/wp-content\/uploads\/sites\/22\/2015\/02\/rutas-hoy.jpg\" alt=\"\" width=\"380\" height=\"773\" \/><\/a><\/p>\n<\/div>\n<!-- AddThis Advanced Settings generic via filter on the_content --><!-- AddThis Share Buttons generic via filter on the_content -->","protected":false},"excerpt":{"rendered":"<p>El d\u00eda 28 de marzo, a partir de las 10 horas,\u00a0 se celebrar\u00e1 el &#8216;V Cross Popular-Solidario y la II Ruta Senderista Camino de la Ermita de la Dehesa&#8217;, organizado por el CD Lanchacabrera y la Hermandad de la Virgen del Salobrar de Jara\u00edz de la Vera. Las inscripciones se pueden realizar, a trav\u00e9s de [&hellip;]<!-- AddThis Advanced Settings generic via filter on get_the_excerpt --><!-- AddThis Share Buttons generic via filter on get_the_excerpt --><\/p>\n","protected":false},"author":27,"featured_media":0,"comment_status":"open","ping_status":"closed","sticky":false,"template":"","format":"standard","meta":[],"categories":[4],"tags":[301,821,854,906],"_links":{"self":[{"href":"https:\/\/blogs.hoy.es\/senderosextremadura\/wp-json\/wp\/v2\/posts\/3131"}],"collection":[{"href":"https:\/\/blogs.hoy.es\/senderosextremadura\/wp-json\/wp\/v2\/posts"}],"about":[{"href":"https:\/\/blogs.hoy.es\/senderosextremadura\/wp-json\/wp\/v2\/types\/post"}],"author":[{"embeddable":true,"href":"https:\/\/blogs.hoy.es\/senderosextremadura\/wp-json\/wp\/v2\/users\/27"}],"replies":[{"embeddable":true,"href":"https:\/\/blogs.hoy.es\/senderosextremadura\/wp-json\/wp\/v2\/comments?post=3131"}],"version-history":[{"count":0,"href":"https:\/\/blogs.hoy.es\/senderosextremadura\/wp-json\/wp\/v2\/posts\/3131\/revisions"}],"wp:attachment":[{"href":"https:\/\/blogs.hoy.es\/senderosextremadura\/wp-json\/wp\/v2\/media?parent=3131"}],"wp:term":[{"taxonomy":"category","embeddable":true,"href":"https:\/\/blogs.hoy.es\/senderosextremadura\/wp-json\/wp\/v2\/categories?post=3131"},{"taxonomy":"post_tag","embeddable":true,"href":"https:\/\/blogs.hoy.es\/senderosextremadura\/wp-json\/wp\/v2\/tags?post=3131"}],"curies":[{"name":"wp","href":"https:\/\/api.w.org\/{rel}","templated":true}]}}