{"id":3134,"date":"2015-02-11T19:44:01","date_gmt":"2015-02-11T19:44:01","guid":{"rendered":"http:\/\/blogs.hoy.es\/senderosextremadura\/?p=3134"},"modified":"2015-02-11T19:44:01","modified_gmt":"2015-02-11T19:44:01","slug":"guadiana-del-caudillo-se-estrena-en-camina-extremadura-el-22-de-marzo","status":"publish","type":"post","link":"https:\/\/blogs.hoy.es\/senderosextremadura\/2015\/02\/11\/guadiana-del-caudillo-se-estrena-en-camina-extremadura-el-22-de-marzo\/","title":{"rendered":"Guadiana del Caudillo se estrena en Camina Extremadura el 22 de marzo"},"content":{"rendered":"<p><strong>Guadiana del Caudillo<\/strong> acoger\u00e1 el 22 de marzo una ruta hasta la Charca Piedehierro. La ruta por parajes de la\u00a0 localidad pacense partir\u00e1 a las 8.30 de la ma\u00f1ana desde la finca Piedehierro. <!--more-->Tendr\u00e1 un recorrido circular de 18 kil\u00f3metros, con una alternativa m\u00e1s corta de 12. Esta marcha est\u00e1 incluida en el calendario oficial <strong><a href=\"https:\/\/blogs.hoy.es\/senderosextremadura\/2015\/01\/03\/el-circuito-camina-extremadura-programa-16-rutas-por-la-region-este-ano\/\" target=\"_blank\">Camina Extremadura 2015<\/a>.<\/strong><\/p>\n<p><a href=\"https:\/\/blogs.hoy.es\/senderosextremadura\/2015\/02\/11\/guadiana-del-caudillo-se-estrena-en-camina-extremadura-el-22-de-marzo\/ruta-14\/\" rel=\"attachment wp-att-3135\"><img loading=\"lazy\" class=\"aligncenter  wp-image-3135\" title=\"\" src=\"\/senderosextremadura\/wp-content\/uploads\/sites\/22\/2015\/02\/ruta.jpg\" alt=\"\" width=\"389\" height=\"551\" srcset=\"https:\/\/static-blogs.hoy.es\/wp-content\/uploads\/sites\/22\/2015\/02\/ruta.jpg 636w, https:\/\/static-blogs.hoy.es\/wp-content\/uploads\/sites\/22\/2015\/02\/ruta-212x300.jpg 212w, https:\/\/static-blogs.hoy.es\/wp-content\/uploads\/sites\/22\/2015\/02\/ruta-600x849.jpg 600w\" sizes=\"(max-width: 389px) 100vw, 389px\" \/><\/a><\/p>\n<!-- AddThis Advanced Settings generic via filter on the_content --><!-- AddThis Share Buttons generic via filter on the_content -->","protected":false},"excerpt":{"rendered":"<p>Guadiana del Caudillo acoger\u00e1 el 22 de marzo una ruta hasta la Charca Piedehierro. La ruta por parajes de la\u00a0 localidad pacense partir\u00e1 a las 8.30 de la ma\u00f1ana desde la finca Piedehierro.<!-- AddThis Advanced Settings generic via filter on get_the_excerpt --><!-- AddThis Share Buttons generic via filter on get_the_excerpt --><\/p>\n","protected":false},"author":27,"featured_media":0,"comment_status":"open","ping_status":"closed","sticky":false,"template":"","format":"standard","meta":[],"categories":[4],"tags":[368,817,906,944,1035],"_links":{"self":[{"href":"https:\/\/blogs.hoy.es\/senderosextremadura\/wp-json\/wp\/v2\/posts\/3134"}],"collection":[{"href":"https:\/\/blogs.hoy.es\/senderosextremadura\/wp-json\/wp\/v2\/posts"}],"about":[{"href":"https:\/\/blogs.hoy.es\/senderosextremadura\/wp-json\/wp\/v2\/types\/post"}],"author":[{"embeddable":true,"href":"https:\/\/blogs.hoy.es\/senderosextremadura\/wp-json\/wp\/v2\/users\/27"}],"replies":[{"embeddable":true,"href":"https:\/\/blogs.hoy.es\/senderosextremadura\/wp-json\/wp\/v2\/comments?post=3134"}],"version-history":[{"count":0,"href":"https:\/\/blogs.hoy.es\/senderosextremadura\/wp-json\/wp\/v2\/posts\/3134\/revisions"}],"wp:attachment":[{"href":"https:\/\/blogs.hoy.es\/senderosextremadura\/wp-json\/wp\/v2\/media?parent=3134"}],"wp:term":[{"taxonomy":"category","embeddable":true,"href":"https:\/\/blogs.hoy.es\/senderosextremadura\/wp-json\/wp\/v2\/categories?post=3134"},{"taxonomy":"post_tag","embeddable":true,"href":"https:\/\/blogs.hoy.es\/senderosextremadura\/wp-json\/wp\/v2\/tags?post=3134"}],"curies":[{"name":"wp","href":"https:\/\/api.w.org\/{rel}","templated":true}]}}