{"id":3137,"date":"2015-02-11T19:48:05","date_gmt":"2015-02-11T19:48:05","guid":{"rendered":"http:\/\/blogs.hoy.es\/senderosextremadura\/?p=3137"},"modified":"2015-02-11T19:48:05","modified_gmt":"2015-02-11T19:48:05","slug":"la-caminata-por-el-bosque-de-garciaz-agota-inscripciones","status":"publish","type":"post","link":"https:\/\/blogs.hoy.es\/senderosextremadura\/2015\/02\/11\/la-caminata-por-el-bosque-de-garciaz-agota-inscripciones\/","title":{"rendered":"La caminata por los bosques de Garciaz agota inscripciones"},"content":{"rendered":"<div id=\"attachment_3139\" style=\"width: 548px\" class=\"wp-caption aligncenter\"><a href=\"https:\/\/blogs.hoy.es\/senderosextremadura\/\"><img aria-describedby=\"caption-attachment-3139\" loading=\"lazy\" class=\" wp-image-3139\" title=\"\" src=\"\/senderosextremadura\/wp-content\/uploads\/sites\/22\/2015\/02\/garciaz.jpg\" alt=\"\" width=\"538\" height=\"403\" srcset=\"https:\/\/static-blogs.hoy.es\/wp-content\/uploads\/sites\/22\/2015\/02\/garciaz.jpg 760w, https:\/\/static-blogs.hoy.es\/wp-content\/uploads\/sites\/22\/2015\/02\/garciaz-300x225.jpg 300w, https:\/\/static-blogs.hoy.es\/wp-content\/uploads\/sites\/22\/2015\/02\/garciaz-600x450.jpg 600w\" sizes=\"(max-width: 538px) 100vw, 538px\" \/><\/a><p id=\"caption-attachment-3139\" class=\"wp-caption-text\">El entorno de Garciaz est\u00e1 bendecido por el agua<\/p><\/div>\n<p>El pr\u00f3ximo <strong>22 de febrero <\/strong>tendr\u00e1 lugar la segunda edici\u00f3n de la ruta senderista <strong>Entre Sierras, Robles y Casta\u00f1os de Garciaz<\/strong>, prueba incluida en el Circuito <a href=\"https:\/\/blogs.hoy.es\/senderosextremadura\/2015\/01\/03\/el-circuito-camina-extremadura-programa-16-rutas-por-la-region-este-ano\/\" target=\"_blank\"><strong>Camina Extremadura 2015<\/strong>.<\/a> La Fexme informa en su web de que ya se han agotado las inscripciones para participar en esta marcha.<!--more--><\/p>\n<p>Se trata de una ruta de dificultad media con una duraci\u00f3n de <strong>17,7 Km<\/strong>. Los caminantes echar\u00e1n a andar a las 9.30 horas (salida desde la Plaza de Espa\u00f1a de Garciaz). Adem\u00e1s de la ruta, el municipio cacere\u00f1o ha programado un concurso fotogr\u00e1fico, talleres para los m\u00e1s peque\u00f1os y degustaci\u00f3n de migas extreme\u00f1as despu\u00e9s de la marcha.<\/p>\n<p><strong>\u00bfQu\u00e9 ofrece Garciaz?<\/strong><\/p>\n<p>Quien ha caminado por aqu\u00ed sabe que Garciaz es un pueblo extreme\u00f1o privilegiado por sus paisajes, su flora y su fauna. Sus robles centenarios de troncos retorcidos\u00a0 evocan\u00a0 figuras de leyenda, mientras el espeso casta\u00f1ar alza sus ramas rectil\u00edneas como brazos buscando abrazar el cielo.\u00a0 Al tratarse de un bosque caducifolio muy escaso en la zona el entorno se convierte en una joya natural.<\/p>\n<!-- AddThis Advanced Settings generic via filter on the_content --><!-- AddThis Share Buttons generic via filter on the_content -->","protected":false},"excerpt":{"rendered":"<p>El pr\u00f3ximo 22 de febrero tendr\u00e1 lugar la segunda edici\u00f3n de la ruta senderista Entre Sierras, Robles y Casta\u00f1os de Garciaz, prueba incluida en el Circuito Camina Extremadura 2015. La Fexme informa en su web de que ya se han agotado las inscripciones para participar en esta marcha.<!-- AddThis Advanced Settings generic via filter on get_the_excerpt --><!-- AddThis Share Buttons generic via filter on get_the_excerpt --><\/p>\n","protected":false},"author":27,"featured_media":0,"comment_status":"open","ping_status":"closed","sticky":false,"template":"","format":"standard","meta":[],"categories":[4],"tags":[],"_links":{"self":[{"href":"https:\/\/blogs.hoy.es\/senderosextremadura\/wp-json\/wp\/v2\/posts\/3137"}],"collection":[{"href":"https:\/\/blogs.hoy.es\/senderosextremadura\/wp-json\/wp\/v2\/posts"}],"about":[{"href":"https:\/\/blogs.hoy.es\/senderosextremadura\/wp-json\/wp\/v2\/types\/post"}],"author":[{"embeddable":true,"href":"https:\/\/blogs.hoy.es\/senderosextremadura\/wp-json\/wp\/v2\/users\/27"}],"replies":[{"embeddable":true,"href":"https:\/\/blogs.hoy.es\/senderosextremadura\/wp-json\/wp\/v2\/comments?post=3137"}],"version-history":[{"count":0,"href":"https:\/\/blogs.hoy.es\/senderosextremadura\/wp-json\/wp\/v2\/posts\/3137\/revisions"}],"wp:attachment":[{"href":"https:\/\/blogs.hoy.es\/senderosextremadura\/wp-json\/wp\/v2\/media?parent=3137"}],"wp:term":[{"taxonomy":"category","embeddable":true,"href":"https:\/\/blogs.hoy.es\/senderosextremadura\/wp-json\/wp\/v2\/categories?post=3137"},{"taxonomy":"post_tag","embeddable":true,"href":"https:\/\/blogs.hoy.es\/senderosextremadura\/wp-json\/wp\/v2\/tags?post=3137"}],"curies":[{"name":"wp","href":"https:\/\/api.w.org\/{rel}","templated":true}]}}