{"id":3140,"date":"2015-02-22T19:57:57","date_gmt":"2015-02-22T19:57:57","guid":{"rendered":"http:\/\/blogs.hoy.es\/senderosextremadura\/?p=3140"},"modified":"2015-02-22T19:57:57","modified_gmt":"2015-02-22T19:57:57","slug":"marzo-arrancara-con-la-xi-ruta-penas-blancas","status":"publish","type":"post","link":"https:\/\/blogs.hoy.es\/senderosextremadura\/2015\/02\/22\/marzo-arrancara-con-la-xi-ruta-penas-blancas\/","title":{"rendered":"Marzo arrancar\u00e1 con la XI Ruta Pe\u00f1as Blancas (1 de marzo)"},"content":{"rendered":"<div id=\"attachment_3142\" style=\"width: 417px\" class=\"wp-caption aligncenter\"><a href=\"https:\/\/blogs.hoy.es\/senderosextremadura\/\"><img aria-describedby=\"caption-attachment-3142\" loading=\"lazy\" class=\" wp-image-3142\" title=\"\" src=\"\/senderosextremadura\/wp-content\/uploads\/sites\/22\/2015\/02\/zarza.jpg\" alt=\"\" width=\"407\" height=\"270\" srcset=\"https:\/\/static-blogs.hoy.es\/wp-content\/uploads\/sites\/22\/2015\/02\/zarza.jpg 857w, https:\/\/static-blogs.hoy.es\/wp-content\/uploads\/sites\/22\/2015\/02\/zarza-300x200.jpg 300w, https:\/\/static-blogs.hoy.es\/wp-content\/uploads\/sites\/22\/2015\/02\/zarza-768x511.jpg 768w, https:\/\/static-blogs.hoy.es\/wp-content\/uploads\/sites\/22\/2015\/02\/zarza-600x399.jpg 600w\" sizes=\"(max-width: 407px) 100vw, 407px\" \/><\/a><p id=\"caption-attachment-3142\" class=\"wp-caption-text\">Paisajes de La Zarza<\/p><\/div>\n<p>El 1 de marzo tendr\u00e1 lugar la <a href=\"http:\/\/www.hoy.es\/multimedia\/fotos\/ultimos\/116252-ruta-penas-blancas-2013-0-0.html\" target=\"_blank\" rel=\"external nofollow\"><strong>XI Ruta Senderista Pe\u00f1as Blancas<\/strong><\/a> (galer\u00eda). Se trata de una conocida ruta de 18 kms. de dificultad media que transcurre por las proximidades de La Zarza. La caminata permite conocer y disfrutar de parajes de alto inter\u00e9s hist\u00f3rico-paisaj\u00edstico tales como las pinturas rupestres de La Calderita, la sierra de Pe\u00f1as Blancas, un bosque de pinos, la sierra de Juan Bueno y las minas de Tierrablanca.\u00a0 Para las personas que no hagan la subida a la sierra, se ofrecer\u00e1 una ruta alternativa de 15 kms. La marcha pertenece al <strong><a href=\"https:\/\/blogs.hoy.es\/senderosextremadura\/2015\/01\/03\/el-circuito-camina-extremadura-programa-16-rutas-por-la-region-este-ano\/\" target=\"_blank\">Circuito Camina Extremadura 2015<\/a><\/strong>.<!--more--><\/p>\n<p>La <strong>cuota de inscripci\u00f3n<\/strong> es de 3 euros que los participantes deber\u00e1n ingresar en la cuenta 3001 0004 91 0420010550\u00a0 de Caja Almendralejo. La inscripci\u00f3n dar\u00e1 derecho a avituallamientos, comida final (paella) y un obsequio conmemorativo de la prueba.\u00a0 El plazo de inscripci\u00f3n esta abierto hasta el mi\u00e9rcoles, 25 de febrero. N\u00famero m\u00e1ximo de participantes: 1000.<\/p>\n<p>Las personas interesadas se pueden informar e inscribir a trav\u00e9s de la p\u00e1gina web del club <a href=\"http:\/\/www.sendezarza.es\" target=\"_blank\" rel=\"external nofollow\"><strong>www.sendezarza.es. <\/strong><\/a>Pedro Espinosa\u00a0 es el presidente del club Pe\u00f1as Blancas.<\/p>\n<!-- AddThis Advanced Settings generic via filter on the_content --><!-- AddThis Share Buttons generic via filter on the_content -->","protected":false},"excerpt":{"rendered":"<p>El 1 de marzo tendr\u00e1 lugar la XI Ruta Senderista Pe\u00f1as Blancas (galer\u00eda). Se trata de una conocida ruta de 18 kms. de dificultad media que transcurre por las proximidades de La Zarza. La caminata permite conocer y disfrutar de parajes de alto inter\u00e9s hist\u00f3rico-paisaj\u00edstico tales como las pinturas rupestres de La Calderita, la sierra [&hellip;]<!-- AddThis Advanced Settings generic via filter on get_the_excerpt --><!-- AddThis Share Buttons generic via filter on get_the_excerpt --><\/p>\n","protected":false},"author":27,"featured_media":0,"comment_status":"open","ping_status":"closed","sticky":false,"template":"","format":"standard","meta":[],"categories":[4],"tags":[301,436,620,656,817,906,944,983,1035],"_links":{"self":[{"href":"https:\/\/blogs.hoy.es\/senderosextremadura\/wp-json\/wp\/v2\/posts\/3140"}],"collection":[{"href":"https:\/\/blogs.hoy.es\/senderosextremadura\/wp-json\/wp\/v2\/posts"}],"about":[{"href":"https:\/\/blogs.hoy.es\/senderosextremadura\/wp-json\/wp\/v2\/types\/post"}],"author":[{"embeddable":true,"href":"https:\/\/blogs.hoy.es\/senderosextremadura\/wp-json\/wp\/v2\/users\/27"}],"replies":[{"embeddable":true,"href":"https:\/\/blogs.hoy.es\/senderosextremadura\/wp-json\/wp\/v2\/comments?post=3140"}],"version-history":[{"count":0,"href":"https:\/\/blogs.hoy.es\/senderosextremadura\/wp-json\/wp\/v2\/posts\/3140\/revisions"}],"wp:attachment":[{"href":"https:\/\/blogs.hoy.es\/senderosextremadura\/wp-json\/wp\/v2\/media?parent=3140"}],"wp:term":[{"taxonomy":"category","embeddable":true,"href":"https:\/\/blogs.hoy.es\/senderosextremadura\/wp-json\/wp\/v2\/categories?post=3140"},{"taxonomy":"post_tag","embeddable":true,"href":"https:\/\/blogs.hoy.es\/senderosextremadura\/wp-json\/wp\/v2\/tags?post=3140"}],"curies":[{"name":"wp","href":"https:\/\/api.w.org\/{rel}","templated":true}]}}