{"id":3150,"date":"2015-02-12T16:39:50","date_gmt":"2015-02-12T16:39:50","guid":{"rendered":"http:\/\/blogs.hoy.es\/senderosextremadura\/?p=3150"},"modified":"2015-02-12T16:39:50","modified_gmt":"2015-02-12T16:39:50","slug":"valdearenales-recorrera-los-parajes-ensalzados-por-chamizo-8-de-marzo","status":"publish","type":"post","link":"https:\/\/blogs.hoy.es\/senderosextremadura\/2015\/02\/12\/valdearenales-recorrera-los-parajes-ensalzados-por-chamizo-8-de-marzo\/","title":{"rendered":"Valdearenales recorrer\u00e1 los parajes ensalzados por Chamizo (8 de marzo)"},"content":{"rendered":"<p><a href=\"https:\/\/blogs.hoy.es\/senderosextremadura\/\"><img loading=\"lazy\" class=\"aligncenter size-large wp-image-3152\" title=\"\" src=\"\/senderosextremadura\/wp-content\/uploads\/sites\/22\/2015\/02\/camino.jpg\" alt=\"\" width=\"600\" height=\"401\" srcset=\"https:\/\/static-blogs.hoy.es\/wp-content\/uploads\/sites\/22\/2015\/02\/camino.jpg 851w, https:\/\/static-blogs.hoy.es\/wp-content\/uploads\/sites\/22\/2015\/02\/camino-300x201.jpg 300w, https:\/\/static-blogs.hoy.es\/wp-content\/uploads\/sites\/22\/2015\/02\/camino-768x514.jpg 768w, https:\/\/static-blogs.hoy.es\/wp-content\/uploads\/sites\/22\/2015\/02\/camino-600x402.jpg 600w\" sizes=\"(max-width: 600px) 100vw, 600px\" \/><\/a><\/p>\n<p>Por sexto a\u00f1o consecutivo, el grupo senderista de Guare\u00f1a (Badajoz) organiza su convivencia y caminata por los parajes Valdearenales, bien cantados en poemas del insigne extreme\u00f1o Luis Chamizo Trigueros, hijo ilustre de la villa. <!--more-->La marcha tendr\u00e1 lugar el 8 de marzo y recorrer\u00e1 18 kil\u00f3metros, con una alternativa de 12. Los caminantes emprender\u00e1n el camino a las nueve de la ma\u00f1ana desde el pantano de San Roque. Las inscripciones son gratuitas y puede hacerse a trav\u00e9s del mail\u00a0valderenales@hotmail.com. El plazo se cierra el 5 de marzo.<\/p>\n<p>M\u00e1s informaci\u00f3n en el <a href=\"http:\/\/clubdesendederismovaldearenales.blogspot.com.es\/2015\/02\/inscripciones-gratuitas-en.html?spref=fb\" target=\"_blank\" rel=\"external nofollow\"><strong>blog de Valdearenales.<\/strong><\/a><\/p>\n<p><!--more--><strong>\u00bfQu\u00e9 se puede ver en la ruta?<\/strong><\/p>\n<p>El paraje Valdearenales est\u00e1 situado en la zona sur del t\u00e9rmino municipal de Guare\u00f1a, provincia de Badajoz. Tiene una extensi\u00f3n aproximada de 1.068 hect\u00e1reas.<br \/>\nValdearenales, dicen los mayores del lugar que su significado se debe a bald\u00edos de arenales y que luego, con el tiempo, pasara a denominarse Valdearenales.<br \/>\nSu orograf\u00eda y terreno est\u00e1 determinado por leves cerros, caminos y veredas, destacando la Ca\u00f1ada Real Leonesa Occidental que atraviesa la zona de Este a Oeste.<br \/>\nEs rica en fauna y flora bien cantada en poemas del insigne vate extreme\u00f1o, Luis Chamizo Trigueros, Hijo Ilustre de la Villa de Guare\u00f1a, quien ensalz\u00f3 las virtudes y los encantos que encierra Valdearenales en sus coplillas po\u00e9ticas de versos en habla cast\u00faa.<\/p>\n<p>Las corrientes fluviales corresponden a los regatos (regachos, en cast\u00fao) del Cebrial, Borrachuelo, de Valdelape\u00f1a, de agua dulce (regacho de l\u2019aguad\u00fa)\u2026, y el arroyo Guare\u00f1a que nace en la sierra de la Monea y riega todo Valdearenales, sobre todo en el invierno. Muchos de estos regatos pierden sus corrent\u00edas de aguas durante los meses de verano porque se secan.<\/p>\n<!-- AddThis Advanced Settings generic via filter on the_content --><!-- AddThis Share Buttons generic via filter on the_content -->","protected":false},"excerpt":{"rendered":"<p>Por sexto a\u00f1o consecutivo, el grupo senderista de Guare\u00f1a (Badajoz) organiza su convivencia y caminata por los parajes Valdearenales, bien cantados en poemas del insigne extreme\u00f1o Luis Chamizo Trigueros, hijo ilustre de la villa.<!-- AddThis Advanced Settings generic via filter on get_the_excerpt --><!-- AddThis Share Buttons generic via filter on get_the_excerpt --><\/p>\n","protected":false},"author":27,"featured_media":0,"comment_status":"open","ping_status":"closed","sticky":false,"template":"","format":"standard","meta":[],"categories":[4],"tags":[372,464,817,836,939],"_links":{"self":[{"href":"https:\/\/blogs.hoy.es\/senderosextremadura\/wp-json\/wp\/v2\/posts\/3150"}],"collection":[{"href":"https:\/\/blogs.hoy.es\/senderosextremadura\/wp-json\/wp\/v2\/posts"}],"about":[{"href":"https:\/\/blogs.hoy.es\/senderosextremadura\/wp-json\/wp\/v2\/types\/post"}],"author":[{"embeddable":true,"href":"https:\/\/blogs.hoy.es\/senderosextremadura\/wp-json\/wp\/v2\/users\/27"}],"replies":[{"embeddable":true,"href":"https:\/\/blogs.hoy.es\/senderosextremadura\/wp-json\/wp\/v2\/comments?post=3150"}],"version-history":[{"count":0,"href":"https:\/\/blogs.hoy.es\/senderosextremadura\/wp-json\/wp\/v2\/posts\/3150\/revisions"}],"wp:attachment":[{"href":"https:\/\/blogs.hoy.es\/senderosextremadura\/wp-json\/wp\/v2\/media?parent=3150"}],"wp:term":[{"taxonomy":"category","embeddable":true,"href":"https:\/\/blogs.hoy.es\/senderosextremadura\/wp-json\/wp\/v2\/categories?post=3150"},{"taxonomy":"post_tag","embeddable":true,"href":"https:\/\/blogs.hoy.es\/senderosextremadura\/wp-json\/wp\/v2\/tags?post=3150"}],"curies":[{"name":"wp","href":"https:\/\/api.w.org\/{rel}","templated":true}]}}