{"id":3162,"date":"2015-02-23T11:43:40","date_gmt":"2015-02-23T11:43:40","guid":{"rendered":"http:\/\/blogs.hoy.es\/senderosextremadura\/?p=3162"},"modified":"2015-02-23T11:43:40","modified_gmt":"2015-02-23T11:43:40","slug":"travesia-por-la-alta-extremadura-con-el-grupo-placentino-de-montana-1-de-marzo","status":"publish","type":"post","link":"https:\/\/blogs.hoy.es\/senderosextremadura\/2015\/02\/23\/travesia-por-la-alta-extremadura-con-el-grupo-placentino-de-montana-1-de-marzo\/","title":{"rendered":"Traves\u00eda por la Alta Extremadura con el Grupo Placentino de Monta\u00f1a (1 de marzo)"},"content":{"rendered":"<p>El <a href=\"http:\/\/www.gpm1972.org\/\" target=\"_blank\" rel=\"external nofollow\"><strong>Grupo Placentino de Monta\u00f1a<\/strong><\/a> ha programado una traves\u00eda por la Alta Extremadura para el pr\u00f3ximo domingo 1 dde marzo. La marcha comenzar\u00e1 en el Puerto de Tornavacas, para seguir por la Loma de los Sillares, el Alto de Castilfr\u00edo, la falda de Las Azagallas, el Estecillo, el refugio de las Nieves para concluir en Guijo de Santa B\u00e1rbara. <!--more--><br \/>\nLos monta\u00f1eros saldr\u00e1n a las siete de la ma\u00f1ana desde la avenida del Valle de Plasencia. Habr\u00e1 transporte en autob\u00fas hasta el lugar de la traves\u00eda. Se precisa un equipo m\u00ednimo (crampones, piolets, gafas, y guantes, adem\u00e1s de ropa de abrigo e impermeable).\u00a0 Las inscripciones pueden realizarse a trav\u00e9s de la web del <a href=\"http:\/\/www.gpm1972.org\/\" target=\"_blank\" rel=\"external nofollow\">Grupo Placentino de Monta\u00f1o. <\/a><\/p>\n<p><a href=\"https:\/\/blogs.hoy.es\/senderosextremadura\/\"><img loading=\"lazy\" class=\"aligncenter  wp-image-3163\" title=\"\" src=\"\/senderosextremadura\/wp-content\/uploads\/sites\/22\/2015\/02\/travesia-alta-montana.jpg\" alt=\"\" width=\"556\" height=\"786\" srcset=\"https:\/\/static-blogs.hoy.es\/wp-content\/uploads\/sites\/22\/2015\/02\/travesia-alta-montana.jpg 1448w, https:\/\/static-blogs.hoy.es\/wp-content\/uploads\/sites\/22\/2015\/02\/travesia-alta-montana-212x300.jpg 212w, https:\/\/static-blogs.hoy.es\/wp-content\/uploads\/sites\/22\/2015\/02\/travesia-alta-montana-768x1086.jpg 768w, https:\/\/static-blogs.hoy.es\/wp-content\/uploads\/sites\/22\/2015\/02\/travesia-alta-montana-600x849.jpg 600w\" sizes=\"(max-width: 556px) 100vw, 556px\" \/><\/a><\/p>\n<!-- AddThis Advanced Settings generic via filter on the_content --><!-- AddThis Share Buttons generic via filter on the_content -->","protected":false},"excerpt":{"rendered":"<p>El Grupo Placentino de Monta\u00f1a ha programado una traves\u00eda por la Alta Extremadura para el pr\u00f3ximo domingo 1 dde marzo. La marcha comenzar\u00e1 en el Puerto de Tornavacas, para seguir por la Loma de los Sillares, el Alto de Castilfr\u00edo, la falda de Las Azagallas, el Estecillo, el refugio de las Nieves para concluir en [&hellip;]<!-- AddThis Advanced Settings generic via filter on get_the_excerpt --><!-- AddThis Share Buttons generic via filter on get_the_excerpt --><\/p>\n","protected":false},"author":27,"featured_media":0,"comment_status":"open","ping_status":"closed","sticky":false,"template":"","format":"standard","meta":[],"categories":[4],"tags":[47,529,639],"_links":{"self":[{"href":"https:\/\/blogs.hoy.es\/senderosextremadura\/wp-json\/wp\/v2\/posts\/3162"}],"collection":[{"href":"https:\/\/blogs.hoy.es\/senderosextremadura\/wp-json\/wp\/v2\/posts"}],"about":[{"href":"https:\/\/blogs.hoy.es\/senderosextremadura\/wp-json\/wp\/v2\/types\/post"}],"author":[{"embeddable":true,"href":"https:\/\/blogs.hoy.es\/senderosextremadura\/wp-json\/wp\/v2\/users\/27"}],"replies":[{"embeddable":true,"href":"https:\/\/blogs.hoy.es\/senderosextremadura\/wp-json\/wp\/v2\/comments?post=3162"}],"version-history":[{"count":0,"href":"https:\/\/blogs.hoy.es\/senderosextremadura\/wp-json\/wp\/v2\/posts\/3162\/revisions"}],"wp:attachment":[{"href":"https:\/\/blogs.hoy.es\/senderosextremadura\/wp-json\/wp\/v2\/media?parent=3162"}],"wp:term":[{"taxonomy":"category","embeddable":true,"href":"https:\/\/blogs.hoy.es\/senderosextremadura\/wp-json\/wp\/v2\/categories?post=3162"},{"taxonomy":"post_tag","embeddable":true,"href":"https:\/\/blogs.hoy.es\/senderosextremadura\/wp-json\/wp\/v2\/tags?post=3162"}],"curies":[{"name":"wp","href":"https:\/\/api.w.org\/{rel}","templated":true}]}}