{"id":318,"date":"2012-04-02T10:57:25","date_gmt":"2012-04-02T10:57:25","guid":{"rendered":"http:\/\/blogs.hoy.es\/senderosextremadura\/?p=318"},"modified":"2012-04-02T10:57:25","modified_gmt":"2012-04-02T10:57:25","slug":"iv-ruta-internacional-de-senderismo-del-contrabando-del-cafe-15-de-abril","status":"publish","type":"post","link":"https:\/\/blogs.hoy.es\/senderosextremadura\/2012\/04\/02\/iv-ruta-internacional-de-senderismo-del-contrabando-del-cafe-15-de-abril\/","title":{"rendered":"IV Ruta Internacional de Senderismo del Contrabando de Caf\u00e9 (15 de abril)"},"content":{"rendered":"<h2><a href=\"\/senderosextremadura\/wp-content\/uploads\/sites\/22\/2012\/04\/ruta-pt.jpg\"><img loading=\"lazy\" class=\"alignleft size-large wp-image-320\" title=\"ruta-pt\" src=\"\/senderosextremadura\/wp-content\/uploads\/sites\/22\/2012\/04\/ruta-pt.jpg\" alt=\"\" width=\"507\" height=\"717\" srcset=\"https:\/\/static-blogs.hoy.es\/wp-content\/uploads\/sites\/22\/2012\/04\/ruta-pt.jpg 842w, https:\/\/static-blogs.hoy.es\/wp-content\/uploads\/sites\/22\/2012\/04\/ruta-pt-212x300.jpg 212w, https:\/\/static-blogs.hoy.es\/wp-content\/uploads\/sites\/22\/2012\/04\/ruta-pt-768x1086.jpg 768w, https:\/\/static-blogs.hoy.es\/wp-content\/uploads\/sites\/22\/2012\/04\/ruta-pt-600x849.jpg 600w\" sizes=\"(max-width: 507px) 100vw, 507px\" \/><\/a>La <strong>IV Ruta Internacional de Senderismo del Contrabando del Caf\u00e9<\/strong> se celebrar\u00e1 el pr\u00f3ximo <strong>15 de abril<\/strong> entre los t\u00e9rminos municipales de Marvao (Portugal) y Valencia de Alc\u00e1ntara (C\u00e1ceres).<\/h2>\n<h2>El trazado de la ruta senderista tiene un recorrido circular con una longitud aproximada de 11 kil\u00f3metros, y est\u00e1 calificado como de dificultad baja, informa el Ayuntamiento de Valencia de Alc\u00e1ntara en nota de prensa.<\/h2>\n<h2>Esta actividad se encuentra enmarcada en el acuerdo de Cooperaci\u00f3n Transfronteriza que ambos municipios han firmado con el fin de estimular un mayor acercamiento de los habitantes de las dos poblaciones fronterizas.<\/h2>\n<h2>La ruta comenzar\u00e1 sobre las 10:00 horas -hora espa\u00f1ola- en la aldea portuguesa de Los Gallegos, teniendo el punto de salida en los alrededores de la Iglesia de dicha poblaci\u00f3n, con un itinerario que recorrer\u00e1 bellos paisajes de la orograf\u00eda \u201crayana\u201d, visitando antiguas aldeas que surgieron como nidos del viejo contrabando, caso de Los Gallegos y La Pitaranha, en Portugal, o la Fonta\u00f1era, aut\u00e9ntica frontera entre los dos pa\u00edses, y descubriendo a la vez caminos de leyenda y nuevos elementos del turismo rural.<\/h2>\n<h2>El evento, que tendr\u00e1 algunas sorpresas por el camino, servir\u00e1 tambi\u00e9n para que los participantes puedan degustar la gastronom\u00eda tradicional de la raya, primero con una degustaci\u00f3n de migas del Contrabandista con <strong>caf\u00e9 de puchero<\/strong> que servir\u00e1n los vecinos de la aldea de <strong>Los Gallegos<\/strong> una hora antes del inicio de la marcha, y al finalizar la misma, con una comida de convivencia en el edificio de la Frontera en Puerto Roque, coincidiendo con la celebraci\u00f3n de las Jornadas Gastron\u00f3micas del Cabrito y del Borrego. Para asistir a dicha comida de convivencia se deber\u00e1 realizar una preinscripci\u00f3n.<\/h2>\n<h2>Para m\u00e1s informaci\u00f3n e inscripciones pueden dirigirse a los tel\u00e9fonos (00351) 245 909 138 y (00351) 963 168 087 en horario de 9:00 a 16:00, o bien contactar por correo electr\u00f3nico con la siguiente direcci\u00f3n: <a href=\"mailto:antonio.garraio@cm-marvao.pt\">antonio.garraio@cm-marvao.pt<\/a><\/h2>\n<!-- AddThis Advanced Settings generic via filter on the_content --><!-- AddThis Share Buttons generic via filter on the_content -->","protected":false},"excerpt":{"rendered":"<p>La IV Ruta Internacional de Senderismo del Contrabando del Caf\u00e9 se celebrar\u00e1 el pr\u00f3ximo 15 de abril entre los t\u00e9rminos municipales de Marvao (Portugal) y Valencia de Alc\u00e1ntara (C\u00e1ceres). El trazado de la ruta senderista tiene un recorrido circular con una longitud aproximada de 11 kil\u00f3metros, y est\u00e1 calificado como de dificultad baja, informa el [&hellip;]<!-- AddThis Advanced Settings generic via filter on get_the_excerpt --><!-- AddThis Share Buttons generic via filter on get_the_excerpt --><\/p>\n","protected":false},"author":27,"featured_media":0,"comment_status":"open","ping_status":"closed","sticky":false,"template":"","format":"standard","meta":[],"categories":[4],"tags":[23,86,121,301,483,646,1054],"_links":{"self":[{"href":"https:\/\/blogs.hoy.es\/senderosextremadura\/wp-json\/wp\/v2\/posts\/318"}],"collection":[{"href":"https:\/\/blogs.hoy.es\/senderosextremadura\/wp-json\/wp\/v2\/posts"}],"about":[{"href":"https:\/\/blogs.hoy.es\/senderosextremadura\/wp-json\/wp\/v2\/types\/post"}],"author":[{"embeddable":true,"href":"https:\/\/blogs.hoy.es\/senderosextremadura\/wp-json\/wp\/v2\/users\/27"}],"replies":[{"embeddable":true,"href":"https:\/\/blogs.hoy.es\/senderosextremadura\/wp-json\/wp\/v2\/comments?post=318"}],"version-history":[{"count":0,"href":"https:\/\/blogs.hoy.es\/senderosextremadura\/wp-json\/wp\/v2\/posts\/318\/revisions"}],"wp:attachment":[{"href":"https:\/\/blogs.hoy.es\/senderosextremadura\/wp-json\/wp\/v2\/media?parent=318"}],"wp:term":[{"taxonomy":"category","embeddable":true,"href":"https:\/\/blogs.hoy.es\/senderosextremadura\/wp-json\/wp\/v2\/categories?post=318"},{"taxonomy":"post_tag","embeddable":true,"href":"https:\/\/blogs.hoy.es\/senderosextremadura\/wp-json\/wp\/v2\/tags?post=318"}],"curies":[{"name":"wp","href":"https:\/\/api.w.org\/{rel}","templated":true}]}}