{"id":3183,"date":"2015-03-02T08:07:51","date_gmt":"2015-03-02T08:07:51","guid":{"rendered":"http:\/\/blogs.hoy.es\/senderosextremadura\/?p=3183"},"modified":"2015-03-02T08:07:51","modified_gmt":"2015-03-02T08:07:51","slug":"1-500-senderistas-recorrieron-la-xi-ruta-penas-blancas","status":"publish","type":"post","link":"https:\/\/blogs.hoy.es\/senderosextremadura\/2015\/03\/02\/1-500-senderistas-recorrieron-la-xi-ruta-penas-blancas\/","title":{"rendered":"1.500 senderistas recorrieron la XI Ruta &#039;Pe\u00f1as Blancas&#039;"},"content":{"rendered":"<p>&nbsp;<\/p>\n<p><a href=\"https:\/\/blogs.hoy.es\/senderosextremadura\/\"><img loading=\"lazy\" class=\" wp-image-3184 aligncenter\" title=\"\" src=\"\/senderosextremadura\/wp-content\/uploads\/sites\/22\/2015\/03\/ruta.jpg\" alt=\"\" width=\"471\" height=\"281\" srcset=\"https:\/\/static-blogs.hoy.es\/wp-content\/uploads\/sites\/22\/2015\/03\/ruta.jpg 1505w, https:\/\/static-blogs.hoy.es\/wp-content\/uploads\/sites\/22\/2015\/03\/ruta-300x179.jpg 300w, https:\/\/static-blogs.hoy.es\/wp-content\/uploads\/sites\/22\/2015\/03\/ruta-768x459.jpg 768w, https:\/\/static-blogs.hoy.es\/wp-content\/uploads\/sites\/22\/2015\/03\/ruta-600x359.jpg 600w\" sizes=\"(max-width: 471px) 100vw, 471px\" \/><\/a><\/p>\n<p>&nbsp;<\/p>\n<p>Procedentes de diversos puntos de la comunidad extreme\u00f1a y de regiones vecinas, 1.500 senderistas se dieron cita ayer domingo en La Zarza para participar en la XI Ruta &#8216;Pe\u00f1as Blancas&#8217;.<\/p>\n<p>Pasadas las nueve de la ma\u00f1ana, y tras una degustaci\u00f3n de dulces t\u00edpicos de la localidad hechos por miembros del propio club, los senderistas tomaron direcci\u00f3n a la sierra dispuestos a disfrutar de una gran jornada de convivencia y naturaleza.<!--more--><\/p>\n<p>Acompa\u00f1ada de una agradable climatolog\u00eda, la gran hilera multicolor recorri\u00f3 los 18 kil\u00f3metros de la ruta en la que los senderistas pudieron disfrutar de paisajes tan interesantes y variados como las pinturas rupestres de La Calderita, la sierra Pe\u00f1as Blancas, el pinar de los Balancines o las Minas de Tierrablanca.<\/p>\n<p>La marcha transcurri\u00f3 sin incidencias destacables, y al t\u00e9rmino de la misma la organizaci\u00f3n ofreci\u00f3 a todos los participantes la ya tradicional paella y los obsequios conmemorativos de la prueba.<\/p>\n<p><a href=\"https:\/\/blogs.hoy.es\/senderosextremadura\/\"><img loading=\"lazy\" class=\"aligncenter  wp-image-3185\" title=\"\" src=\"\/senderosextremadura\/wp-content\/uploads\/sites\/22\/2015\/03\/ruta-dos.jpg\" alt=\"\" width=\"449\" height=\"509\" srcset=\"https:\/\/static-blogs.hoy.es\/wp-content\/uploads\/sites\/22\/2015\/03\/ruta-dos.jpg 792w, https:\/\/static-blogs.hoy.es\/wp-content\/uploads\/sites\/22\/2015\/03\/ruta-dos-264x300.jpg 264w, https:\/\/static-blogs.hoy.es\/wp-content\/uploads\/sites\/22\/2015\/03\/ruta-dos-768x873.jpg 768w, https:\/\/static-blogs.hoy.es\/wp-content\/uploads\/sites\/22\/2015\/03\/ruta-dos-600x682.jpg 600w\" sizes=\"(max-width: 449px) 100vw, 449px\" \/><\/a><\/p>\n<p>Auxiliados por la Guardia Civil, Protecci\u00f3n Civil y por miembros del propio club, la marcha transcurri\u00f3 sin incidencias destacables.<\/p>\n<p>La ruta pertenece al Circuito Camina Extremadura y est\u00e1 considerada como una de las m\u00e1s importantes de Extremadura. En el transcurso de la comida, la Federaci\u00f3n Extreme\u00f1a de Monta\u00f1a y Escalada entreg\u00f3 los premios correspondientes al circuito de la temporada pasada.<\/p>\n<p>Fuente:: <strong>PEDRO ESPINOSA<\/strong> (<a href=\"http:\/\/www.hoylazarza.es\/\" target=\"_blank\" rel=\"external nofollow\">HOY La Zarza<\/a>)<\/p>\n<!-- AddThis Advanced Settings generic via filter on the_content --><!-- AddThis Share Buttons generic via filter on the_content -->","protected":false},"excerpt":{"rendered":"<p>&nbsp; &nbsp; Procedentes de diversos puntos de la comunidad extreme\u00f1a y de regiones vecinas, 1.500 senderistas se dieron cita ayer domingo en La Zarza para participar en la XI Ruta &#8216;Pe\u00f1as Blancas&#8217;. Pasadas las nueve de la ma\u00f1ana, y tras una degustaci\u00f3n de dulces t\u00edpicos de la localidad hechos por miembros del propio club, los [&hellip;]<!-- AddThis Advanced Settings generic via filter on get_the_excerpt --><!-- AddThis Share Buttons generic via filter on get_the_excerpt --><\/p>\n","protected":false},"author":27,"featured_media":0,"comment_status":"open","ping_status":"closed","sticky":false,"template":"","format":"standard","meta":[],"categories":[4],"tags":[],"_links":{"self":[{"href":"https:\/\/blogs.hoy.es\/senderosextremadura\/wp-json\/wp\/v2\/posts\/3183"}],"collection":[{"href":"https:\/\/blogs.hoy.es\/senderosextremadura\/wp-json\/wp\/v2\/posts"}],"about":[{"href":"https:\/\/blogs.hoy.es\/senderosextremadura\/wp-json\/wp\/v2\/types\/post"}],"author":[{"embeddable":true,"href":"https:\/\/blogs.hoy.es\/senderosextremadura\/wp-json\/wp\/v2\/users\/27"}],"replies":[{"embeddable":true,"href":"https:\/\/blogs.hoy.es\/senderosextremadura\/wp-json\/wp\/v2\/comments?post=3183"}],"version-history":[{"count":0,"href":"https:\/\/blogs.hoy.es\/senderosextremadura\/wp-json\/wp\/v2\/posts\/3183\/revisions"}],"wp:attachment":[{"href":"https:\/\/blogs.hoy.es\/senderosextremadura\/wp-json\/wp\/v2\/media?parent=3183"}],"wp:term":[{"taxonomy":"category","embeddable":true,"href":"https:\/\/blogs.hoy.es\/senderosextremadura\/wp-json\/wp\/v2\/categories?post=3183"},{"taxonomy":"post_tag","embeddable":true,"href":"https:\/\/blogs.hoy.es\/senderosextremadura\/wp-json\/wp\/v2\/tags?post=3183"}],"curies":[{"name":"wp","href":"https:\/\/api.w.org\/{rel}","templated":true}]}}