{"id":3187,"date":"2015-03-02T09:49:36","date_gmt":"2015-03-02T09:49:36","guid":{"rendered":"http:\/\/blogs.hoy.es\/senderosextremadura\/?p=3187"},"modified":"2015-03-02T09:49:36","modified_gmt":"2015-03-02T09:49:36","slug":"iii-ruta-valdelacalzada-en-flor-15-de-marzo","status":"publish","type":"post","link":"https:\/\/blogs.hoy.es\/senderosextremadura\/2015\/03\/02\/iii-ruta-valdelacalzada-en-flor-15-de-marzo\/","title":{"rendered":"III Ruta Valdelacalzada en Flor (15 de marzo)"},"content":{"rendered":"<p>La localidad pacense de <strong>Valdelacalzada<\/strong> acoger\u00e1 el 15 de marzo la <strong>III Ruta Senderista Valdelacalzada en Flor<\/strong>. La marcha de dificultad baja tiene un recorrido de <strong>18 kil\u00f3metros<\/strong>. La salida desde la plaza de Espa\u00f1a tendr\u00e1 lugar a las 9.30 horas. El precio de inscripci\u00f3n es de seis euros e incluye desayuno, avituallamiento y garbanzada.<\/p>\n<p><a href=\"https:\/\/blogs.hoy.es\/senderosextremadura\/\"><img loading=\"lazy\" class=\"aligncenter  wp-image-3188\" title=\"\" src=\"\/senderosextremadura\/wp-content\/uploads\/sites\/22\/2015\/03\/valdelacalzada.jpg\" alt=\"\" width=\"483\" height=\"677\" \/><\/a><\/p>\n<!-- AddThis Advanced Settings generic via filter on the_content --><!-- AddThis Share Buttons generic via filter on the_content -->","protected":false},"excerpt":{"rendered":"<p>La localidad pacense de Valdelacalzada acoger\u00e1 el 15 de marzo la III Ruta Senderista Valdelacalzada en Flor. La marcha de dificultad baja tiene un recorrido de 18 kil\u00f3metros. La salida desde la plaza de Espa\u00f1a tendr\u00e1 lugar a las 9.30 horas. El precio de inscripci\u00f3n es de seis euros e incluye desayuno, avituallamiento y garbanzada.<!-- AddThis Advanced Settings generic via filter on get_the_excerpt --><!-- AddThis Share Buttons generic via filter on get_the_excerpt --><\/p>\n","protected":false},"author":27,"featured_media":0,"comment_status":"open","ping_status":"closed","sticky":false,"template":"","format":"standard","meta":[],"categories":[4],"tags":[804,817,906,1035,1051],"_links":{"self":[{"href":"https:\/\/blogs.hoy.es\/senderosextremadura\/wp-json\/wp\/v2\/posts\/3187"}],"collection":[{"href":"https:\/\/blogs.hoy.es\/senderosextremadura\/wp-json\/wp\/v2\/posts"}],"about":[{"href":"https:\/\/blogs.hoy.es\/senderosextremadura\/wp-json\/wp\/v2\/types\/post"}],"author":[{"embeddable":true,"href":"https:\/\/blogs.hoy.es\/senderosextremadura\/wp-json\/wp\/v2\/users\/27"}],"replies":[{"embeddable":true,"href":"https:\/\/blogs.hoy.es\/senderosextremadura\/wp-json\/wp\/v2\/comments?post=3187"}],"version-history":[{"count":0,"href":"https:\/\/blogs.hoy.es\/senderosextremadura\/wp-json\/wp\/v2\/posts\/3187\/revisions"}],"wp:attachment":[{"href":"https:\/\/blogs.hoy.es\/senderosextremadura\/wp-json\/wp\/v2\/media?parent=3187"}],"wp:term":[{"taxonomy":"category","embeddable":true,"href":"https:\/\/blogs.hoy.es\/senderosextremadura\/wp-json\/wp\/v2\/categories?post=3187"},{"taxonomy":"post_tag","embeddable":true,"href":"https:\/\/blogs.hoy.es\/senderosextremadura\/wp-json\/wp\/v2\/tags?post=3187"}],"curies":[{"name":"wp","href":"https:\/\/api.w.org\/{rel}","templated":true}]}}