{"id":3193,"date":"2015-03-06T08:45:58","date_gmt":"2015-03-06T08:45:58","guid":{"rendered":"http:\/\/blogs.hoy.es\/senderosextremadura\/?p=3193"},"modified":"2015-03-06T08:45:58","modified_gmt":"2015-03-06T08:45:58","slug":"fregenal-acoge-su-vii-ruta-del-jamon-y-la-dehesa-22-de-marzo","status":"publish","type":"post","link":"https:\/\/blogs.hoy.es\/senderosextremadura\/2015\/03\/06\/fregenal-acoge-su-vii-ruta-del-jamon-y-la-dehesa-22-de-marzo\/","title":{"rendered":"Fregenal acoge su VII Ruta del Jam\u00f3n y la Dehesa (22 de marzo)"},"content":{"rendered":"<div>\n<p><a href=\"https:\/\/blogs.hoy.es\/senderosextremadura\/\"><img loading=\"lazy\" class=\"aligncenter size-large wp-image-3194\" title=\"\" src=\"\/senderosextremadura\/wp-content\/uploads\/sites\/22\/2015\/03\/dscf0633_1.jpg\" alt=\"\" width=\"600\" height=\"450\" srcset=\"https:\/\/static-blogs.hoy.es\/wp-content\/uploads\/sites\/22\/2015\/03\/dscf0633_1.jpg 1199w, https:\/\/static-blogs.hoy.es\/wp-content\/uploads\/sites\/22\/2015\/03\/dscf0633_1-300x225.jpg 300w, https:\/\/static-blogs.hoy.es\/wp-content\/uploads\/sites\/22\/2015\/03\/dscf0633_1-768x576.jpg 768w, https:\/\/static-blogs.hoy.es\/wp-content\/uploads\/sites\/22\/2015\/03\/dscf0633_1-600x450.jpg 600w\" sizes=\"(max-width: 600px) 100vw, 600px\" \/><\/a><\/p>\n<p>La Asociaci\u00f3n de senderismo &#8216;La Zancaj\u00e1&#8217; prepara su VII Ruta senderista del Jam\u00f3n y la Dehesa que se desarrollar\u00e1 el d\u00eda veintid\u00f3s de marzo en <a href=\"http:\/\/www.hoyfregenal.es\/actualidad\/2015-03-05\/la-zancaja-programa-ruta-senderista-2044.html\" target=\"_blank\" rel=\"external nofollow\"><strong>Fregenal de la Sierra<\/strong><\/a>. Una convocatoria que, como comentan desde la junta directiva de este grupo, se iniciar\u00e1 a las diez de la ma\u00f1ana en el Paseo de la Constituci\u00f3n, desarroll\u00e1ndose la recogida de credenciales una hora antes.<!--more--><\/p>\n<p>En esta oportunidad se convoca a una ruta de dificultad media de un total de 22 km. con la posibilidad de que los interesados en sumarse en esta experiencia pueda llevar a cabo<\/p>\n<p>un recorrido alternativo de 14 km.<\/p>\n<p>El precio de la actividad, se\u00f1alan desde la organizaci\u00f3n, ser\u00e1 de tres euros por persona, incluyendo una degustaci\u00f3n de vino de la localidad, cedido por Bodegas Repite, y una pulguita de jam\u00f3n ib\u00e9rico.<\/p>\n<p>Como viene siendo tradicional al finalizar la ruta todos los participantes disfrutar\u00e1n de una comida, con bebida incluida y todo ello amenizado con buena m\u00fasica y karaoke.<br \/>\nLas personas interesadas podr\u00e1n realizar su inscripci\u00f3n hasta el d\u00eda diecis\u00e9is de marzo inclusive, siguiendo las instrucciones indicadas en el cartel que convoca este experiencia y que reproducimos en la agenda de eventos de HOY Fregenal.<\/p>\n<p>Fuente: HOY Fregenal<\/p>\n<\/div>\n<!-- AddThis Advanced Settings generic via filter on the_content --><!-- AddThis Share Buttons generic via filter on the_content -->","protected":false},"excerpt":{"rendered":"<p>La Asociaci\u00f3n de senderismo &#8216;La Zancaj\u00e1&#8217; prepara su VII Ruta senderista del Jam\u00f3n y la Dehesa que se desarrollar\u00e1 el d\u00eda veintid\u00f3s de marzo en Fregenal de la Sierra. Una convocatoria que, como comentan desde la junta directiva de este grupo, se iniciar\u00e1 a las diez de la ma\u00f1ana en el Paseo de la Constituci\u00f3n, [&hellip;]<!-- AddThis Advanced Settings generic via filter on get_the_excerpt --><!-- AddThis Share Buttons generic via filter on get_the_excerpt --><\/p>\n","protected":false},"author":27,"featured_media":0,"comment_status":"open","ping_status":"closed","sticky":false,"template":"","format":"standard","meta":[],"categories":[4],"tags":[323,817,906,944,1035],"_links":{"self":[{"href":"https:\/\/blogs.hoy.es\/senderosextremadura\/wp-json\/wp\/v2\/posts\/3193"}],"collection":[{"href":"https:\/\/blogs.hoy.es\/senderosextremadura\/wp-json\/wp\/v2\/posts"}],"about":[{"href":"https:\/\/blogs.hoy.es\/senderosextremadura\/wp-json\/wp\/v2\/types\/post"}],"author":[{"embeddable":true,"href":"https:\/\/blogs.hoy.es\/senderosextremadura\/wp-json\/wp\/v2\/users\/27"}],"replies":[{"embeddable":true,"href":"https:\/\/blogs.hoy.es\/senderosextremadura\/wp-json\/wp\/v2\/comments?post=3193"}],"version-history":[{"count":0,"href":"https:\/\/blogs.hoy.es\/senderosextremadura\/wp-json\/wp\/v2\/posts\/3193\/revisions"}],"wp:attachment":[{"href":"https:\/\/blogs.hoy.es\/senderosextremadura\/wp-json\/wp\/v2\/media?parent=3193"}],"wp:term":[{"taxonomy":"category","embeddable":true,"href":"https:\/\/blogs.hoy.es\/senderosextremadura\/wp-json\/wp\/v2\/categories?post=3193"},{"taxonomy":"post_tag","embeddable":true,"href":"https:\/\/blogs.hoy.es\/senderosextremadura\/wp-json\/wp\/v2\/tags?post=3193"}],"curies":[{"name":"wp","href":"https:\/\/api.w.org\/{rel}","templated":true}]}}